{"id":13738,"date":"2023-03-29T01:04:37","date_gmt":"2023-03-29T01:04:37","guid":{"rendered":"https:\/\/www.fundacioneducacionydesarrollo.org\/?p=13738"},"modified":"2024-10-31T10:39:29","modified_gmt":"2024-10-31T10:39:29","slug":"cajas-nidos","status":"publish","type":"post","link":"https:\/\/www.fundacioneducacionydesarrollo.org\/en\/cajas-nidos\/","title":{"rendered":"We know nature through Nest Boxes"},"content":{"rendered":"\t\t<div data-elementor-type=\"wp-post\" data-elementor-id=\"13738\" class=\"elementor elementor-13738\" data-elementor-post-type=\"post\">\n\t\t\t\t\t\t<section class=\"elementor-section elementor-top-section elementor-element elementor-element-450fc96 elementor-section-height-min-height elementor-hidden-mobile_extra elementor-hidden-mobile elementor-section-stretched elementor-section-boxed elementor-section-height-default elementor-section-items-middle\" data-id=\"450fc96\" data-element_type=\"section\" data-e-type=\"section\" data-settings=\"{&quot;background_background&quot;:&quot;classic&quot;,&quot;sticky&quot;:&quot;top&quot;,&quot;sticky_on&quot;:[&quot;widescreen&quot;,&quot;desktop&quot;,&quot;laptop&quot;,&quot;tablet_extra&quot;,&quot;tablet&quot;],&quot;sticky_effects_offset&quot;:100,&quot;stretch_section&quot;:&quot;section-stretched&quot;,&quot;sticky_offset&quot;:0,&quot;sticky_anchor_link_offset&quot;:0}\">\n\t\t\t\t\t\t\t<div class=\"elementor-background-overlay\"><\/div>\n\t\t\t\t\t\t\t<div class=\"elementor-container elementor-column-gap-default\">\n\t\t\t\t\t<div class=\"elementor-column elementor-col-33 elementor-top-column elementor-element elementor-element-3323bfc\" data-id=\"3323bfc\" data-element_type=\"column\" data-e-type=\"column\">\n\t\t\t<div class=\"elementor-widget-wrap elementor-element-populated\">\n\t\t\t\t\t\t<div class=\"elementor-element elementor-element-13e9c4c logo elementor-widget elementor-widget-theme-site-logo elementor-widget-image\" data-id=\"13e9c4c\" data-element_type=\"widget\" data-e-type=\"widget\" data-widget_type=\"theme-site-logo.default\">\n\t\t\t\t<div class=\"elementor-widget-container\">\n\t\t\t\t\t\t\t\t\t\t\t<a href=\"https:\/\/www.fundacioneducacionydesarrollo.org\/en\">\n\t\t\t<img fetchpriority=\"high\" decoding=\"async\" width=\"512\" height=\"341\" src=\"https:\/\/www.fundacioneducacionydesarrollo.org\/wp-content\/uploads\/2022\/01\/LOGO-ORIGINAL-164x109.png\" class=\"elementor-animation-pulse attachment-full size-full wp-image-35\" alt=\"logo FED\" srcset=\"https:\/\/www.fundacioneducacionydesarrollo.org\/wp-content\/uploads\/2022\/01\/LOGO-ORIGINAL.png 512w, https:\/\/www.fundacioneducacionydesarrollo.org\/wp-content\/uploads\/2022\/01\/LOGO-ORIGINAL-300x200.png 300w, https:\/\/www.fundacioneducacionydesarrollo.org\/wp-content\/uploads\/2022\/01\/LOGO-ORIGINAL-18x12.png 18w, https:\/\/www.fundacioneducacionydesarrollo.org\/wp-content\/uploads\/2022\/01\/LOGO-ORIGINAL-164x109.png 164w\" sizes=\"(max-width: 512px) 100vw, 512px\" \/>\t\t\t\t<\/a>\n\t\t\t\t\t\t\t\t\t\t\t<\/div>\n\t\t\t\t<\/div>\n\t\t\t\t\t<\/div>\n\t\t<\/div>\n\t\t\t\t<div class=\"elementor-column elementor-col-33 elementor-top-column elementor-element elementor-element-87ce234\" data-id=\"87ce234\" data-element_type=\"column\" data-e-type=\"column\">\n\t\t\t<div class=\"elementor-widget-wrap elementor-element-populated\">\n\t\t\t\t\t\t<div class=\"elementor-element elementor-element-2775456 elementor-nav-menu__align-end elementor-nav-menu--dropdown-tablet elementor-nav-menu__text-align-aside elementor-nav-menu--toggle elementor-nav-menu--burger elementor-widget elementor-widget-nav-menu\" data-id=\"2775456\" data-element_type=\"widget\" data-e-type=\"widget\" data-settings=\"{&quot;layout&quot;:&quot;horizontal&quot;,&quot;submenu_icon&quot;:{&quot;value&quot;:&quot;&lt;i class=\\&quot;fas fa-caret-down\\&quot; aria-hidden=\\&quot;true\\&quot;&gt;&lt;\\\/i&gt;&quot;,&quot;library&quot;:&quot;fa-solid&quot;},&quot;toggle&quot;:&quot;burger&quot;}\" data-widget_type=\"nav-menu.default\">\n\t\t\t\t<div class=\"elementor-widget-container\">\n\t\t\t\t\t\t\t\t<nav aria-label=\"Menu\" class=\"elementor-nav-menu--main elementor-nav-menu__container elementor-nav-menu--layout-horizontal e--pointer-text e--animation-grow\">\n\t\t\t\t<ul id=\"menu-1-2775456\" class=\"elementor-nav-menu\"><li class=\"menu-item menu-item-type-post_type menu-item-object-page menu-item-home menu-item-has-children menu-item-3127\"><a aria-expanded=\"false\" href=\"https:\/\/www.fundacioneducacionydesarrollo.org\/en\/\" class=\"elementor-item menu-link\">INICIO<span role=\"application\" class=\"dropdown-menu-toggle ast-header-navigation-arrow\" tabindex=\"0\" aria-expanded=\"false\" aria-label=\"Menu Toggle\" ><\/span><\/a>\n<ul class=\"sub-menu elementor-nav-menu--dropdown\">\n\t<li class=\"menu-item menu-item-type-post_type menu-item-object-page menu-item-14974\"><a href=\"https:\/\/www.fundacioneducacionydesarrollo.org\/en\/inicio\/efectos-del-juego\/\" class=\"elementor-sub-item menu-link\">Efectos del Juego<\/a><\/li>\n<\/ul>\n<\/li>\n<li class=\"menu-item menu-item-type-custom menu-item-object-custom menu-item-has-children menu-item-11441\"><a aria-expanded=\"false\" href=\"#\" class=\"elementor-item elementor-item-anchor menu-link\">CON\u00d3CENOS<span role=\"application\" class=\"dropdown-menu-toggle ast-header-navigation-arrow\" tabindex=\"0\" aria-expanded=\"false\" aria-label=\"Menu Toggle\" ><\/span><\/a>\n<ul class=\"sub-menu elementor-nav-menu--dropdown\">\n\t<li class=\"menu-item menu-item-type-post_type menu-item-object-page menu-item-10488\"><a href=\"https:\/\/www.fundacioneducacionydesarrollo.org\/en\/inicio\/quienes-somos\/\" class=\"elementor-sub-item menu-link\">Quienes somos<\/a><\/li>\n\t<li class=\"menu-item menu-item-type-post_type menu-item-object-page menu-item-2761\"><a href=\"https:\/\/www.fundacioneducacionydesarrollo.org\/en\/actividades\/\" class=\"elementor-sub-item menu-link\">Qu\u00e9 hacemos<\/a><\/li>\n\t<li class=\"menu-item menu-item-type-post_type menu-item-object-page menu-item-2758\"><a href=\"https:\/\/www.fundacioneducacionydesarrollo.org\/en\/inicio\/trabajo\/\" class=\"elementor-sub-item menu-link\">Convenios<\/a><\/li>\n\t<li class=\"menu-item menu-item-type-post_type menu-item-object-e-landing-page menu-item-15173\"><a href=\"https:\/\/www.fundacioneducacionydesarrollo.org\/en\/memorias\/\" class=\"elementor-sub-item menu-link\">Memorias<\/a><\/li>\n\t<li class=\"menu-item menu-item-type-post_type menu-item-object-page menu-item-2759\"><a href=\"https:\/\/www.fundacioneducacionydesarrollo.org\/en\/inicio\/reconocimientos\/\" class=\"elementor-sub-item menu-link\">Reconocimientos<\/a><\/li>\n\t<li class=\"menu-item menu-item-type-post_type menu-item-object-page menu-item-15962\"><a href=\"https:\/\/www.fundacioneducacionydesarrollo.org\/en\/actividades\/programa-de-voluntariado\/\" class=\"elementor-sub-item menu-link\">Programa de Voluntariado<\/a><\/li>\n<\/ul>\n<\/li>\n<li class=\"menu-item menu-item-type-custom menu-item-object-custom menu-item-has-children menu-item-10938\"><a aria-expanded=\"false\" href=\"#\" class=\"elementor-item elementor-item-anchor menu-link\">ACTIVIDADES<span role=\"application\" class=\"dropdown-menu-toggle ast-header-navigation-arrow\" tabindex=\"0\" aria-expanded=\"false\" aria-label=\"Menu Toggle\" ><\/span><\/a>\n<ul class=\"sub-menu elementor-nav-menu--dropdown\">\n\t<li class=\"menu-item menu-item-type-post_type menu-item-object-page menu-item-18207\"><a href=\"https:\/\/www.fundacioneducacionydesarrollo.org\/en\/actividades\/codi-teca\/\" class=\"elementor-sub-item menu-link\">CODI-TECA<\/a><\/li>\n\t<li class=\"menu-item menu-item-type-post_type menu-item-object-page menu-item-18018\"><a href=\"https:\/\/www.fundacioneducacionydesarrollo.org\/en\/actividades\/diplomatura-2025\/\" class=\"elementor-sub-item menu-link\">Diplomatura 2025<\/a><\/li>\n\t<li class=\"menu-item menu-item-type-post_type menu-item-object-e-landing-page menu-item-has-children menu-item-17059\"><a aria-expanded=\"false\" href=\"https:\/\/www.fundacioneducacionydesarrollo.org\/en\/red-de-ludotecas-de-peru\/\" class=\"elementor-sub-item menu-link\">Redes de Ludotecas<span role=\"application\" class=\"dropdown-menu-toggle ast-header-navigation-arrow\" tabindex=\"0\" aria-expanded=\"false\" aria-label=\"Menu Toggle\" ><\/span><\/a>\n\t<ul class=\"sub-menu elementor-nav-menu--dropdown\">\n\t\t<li class=\"menu-item menu-item-type-post_type menu-item-object-page menu-item-6982\"><a href=\"https:\/\/www.fundacioneducacionydesarrollo.org\/en\/actividades\/redes-de-ludotecas\/presentacion-de-la-red-de-ludotecas-de-peru\/\" class=\"elementor-sub-item menu-link\">Presentaci\u00f3n de la RED<\/a><\/li>\n\t\t<li class=\"menu-item menu-item-type-post_type menu-item-object-page menu-item-17060\"><a href=\"https:\/\/www.fundacioneducacionydesarrollo.org\/en\/actividades\/redes-de-ludotecas\/ludotecas-escolares\/\" class=\"elementor-sub-item menu-link\">Ludotecas escolares<\/a><\/li>\n\t\t<li class=\"menu-item menu-item-type-post_type menu-item-object-page menu-item-17191\"><a href=\"https:\/\/www.fundacioneducacionydesarrollo.org\/en\/actividades\/redes-de-ludotecas\/ludotecas-comunales\/\" class=\"elementor-sub-item menu-link\">Ludotecas comunales<\/a><\/li>\n\t<\/ul>\n<\/li>\n\t<li class=\"menu-item menu-item-type-post_type menu-item-object-page menu-item-has-children menu-item-16128\"><a aria-expanded=\"false\" href=\"https:\/\/www.fundacioneducacionydesarrollo.org\/en\/actividades\/construyendo-mi-juguete-ecologico\/\" class=\"elementor-sub-item menu-link\">Construyendo mi juguete ecol\u00f3gico<span role=\"application\" class=\"dropdown-menu-toggle ast-header-navigation-arrow\" tabindex=\"0\" aria-expanded=\"false\" aria-label=\"Menu Toggle\" ><\/span><\/a>\n\t<ul class=\"sub-menu elementor-nav-menu--dropdown\">\n\t\t<li class=\"menu-item menu-item-type-post_type menu-item-object-page menu-item-16443\"><a href=\"https:\/\/www.fundacioneducacionydesarrollo.org\/en\/actividades\/construyendo-mi-juguete-ecologico\/exposicion-de-juguetes-ecologicos\/\" class=\"elementor-sub-item menu-link\">Exposici\u00f3n de Juguetes Ecol\u00f3gicos<\/a><\/li>\n\t<\/ul>\n<\/li>\n\t<li class=\"menu-item menu-item-type-post_type menu-item-object-e-landing-page menu-item-has-children menu-item-14588\"><a aria-expanded=\"false\" href=\"https:\/\/www.fundacioneducacionydesarrollo.org\/en\/destapemos-la-creatividad\/\" class=\"elementor-sub-item menu-link\">Destapemos la Creatividad<span role=\"application\" class=\"dropdown-menu-toggle ast-header-navigation-arrow\" tabindex=\"0\" aria-expanded=\"false\" aria-label=\"Menu Toggle\" ><\/span><\/a>\n\t<ul class=\"sub-menu elementor-nav-menu--dropdown\">\n\t\t<li class=\"menu-item menu-item-type-post_type menu-item-object-e-landing-page menu-item-14638\"><a href=\"https:\/\/www.fundacioneducacionydesarrollo.org\/en\/elecciones-2023\/\" class=\"elementor-sub-item menu-link\">Elecciones 2023<\/a><\/li>\n\t<\/ul>\n<\/li>\n\t<li class=\"menu-item menu-item-type-post_type menu-item-object-page menu-item-12528\"><a href=\"https:\/\/www.fundacioneducacionydesarrollo.org\/en\/actividades\/yo-elijo-mis-juguetes\/\" class=\"elementor-sub-item menu-link\">Yo Elijo mis Juguetes<\/a><\/li>\n<\/ul>\n<\/li>\n<li class=\"menu-item menu-item-type-post_type menu-item-object-page menu-item-has-children menu-item-2765\"><a aria-expanded=\"false\" href=\"https:\/\/www.fundacioneducacionydesarrollo.org\/en\/biblioteca\/\" class=\"elementor-item menu-link\">BIBLIOTECA<span role=\"application\" class=\"dropdown-menu-toggle ast-header-navigation-arrow\" tabindex=\"0\" aria-expanded=\"false\" aria-label=\"Menu Toggle\" ><\/span><\/a>\n<ul class=\"sub-menu elementor-nav-menu--dropdown\">\n\t<li class=\"menu-item menu-item-type-post_type menu-item-object-page menu-item-2766\"><a href=\"https:\/\/www.fundacioneducacionydesarrollo.org\/en\/galeria\/\" class=\"elementor-sub-item menu-link\">Galer\u00eda<\/a><\/li>\n\t<li class=\"menu-item menu-item-type-post_type menu-item-object-page menu-item-17397\"><a href=\"https:\/\/www.fundacioneducacionydesarrollo.org\/en\/biblioteca\/primera-mirada-al-mar\/\" class=\"elementor-sub-item menu-link\">Primera mirada al Mar<\/a><\/li>\n\t<li class=\"menu-item menu-item-type-post_type menu-item-object-page menu-item-15354\"><a href=\"https:\/\/www.fundacioneducacionydesarrollo.org\/en\/biblioteca\/beebee-todas-a-una\/\" class=\"elementor-sub-item menu-link\">Beebee \u00a1Todas a una!<\/a><\/li>\n\t<li class=\"menu-item menu-item-type-post_type menu-item-object-e-landing-page menu-item-17716\"><a href=\"https:\/\/www.fundacioneducacionydesarrollo.org\/en\/educacion-rural\/\" class=\"elementor-sub-item menu-link\">Educaci\u00f3n Rural<\/a><\/li>\n<\/ul>\n<\/li>\n<li class=\"menu-item menu-item-type-post_type menu-item-object-page menu-item-has-children menu-item-2767\"><a aria-expanded=\"false\" href=\"https:\/\/www.fundacioneducacionydesarrollo.org\/en\/agenda\/\" class=\"elementor-item menu-link\">AGENDA<span role=\"application\" class=\"dropdown-menu-toggle ast-header-navigation-arrow\" tabindex=\"0\" aria-expanded=\"false\" aria-label=\"Menu Toggle\" ><\/span><\/a>\n<ul class=\"sub-menu elementor-nav-menu--dropdown\">\n\t<li class=\"menu-item menu-item-type-post_type menu-item-object-page menu-item-18277\"><a href=\"https:\/\/www.fundacioneducacionydesarrollo.org\/en\/blog\/\" class=\"elementor-sub-item menu-link\">Blog<\/a><\/li>\n<\/ul>\n<\/li>\n<li class=\"menu-item menu-item-type-post_type menu-item-object-page menu-item-2768\"><a href=\"https:\/\/www.fundacioneducacionydesarrollo.org\/en\/colabora\/contacto\/\" class=\"elementor-item menu-link\">CONTACTO<\/a><\/li>\n<\/ul>\t\t\t<\/nav>\n\t\t\t\t\t<div class=\"elementor-menu-toggle\" role=\"button\" tabindex=\"0\" aria-label=\"Menu Toggle\" aria-expanded=\"false\">\n\t\t\t<i aria-hidden=\"true\" role=\"presentation\" class=\"elementor-menu-toggle__icon--open eicon-menu-bar\"><\/i><i aria-hidden=\"true\" role=\"presentation\" class=\"elementor-menu-toggle__icon--close eicon-close\"><\/i>\t\t<\/div>\n\t\t\t\t\t<nav class=\"elementor-nav-menu--dropdown elementor-nav-menu__container\" aria-hidden=\"true\">\n\t\t\t\t<ul id=\"menu-2-2775456\" class=\"elementor-nav-menu\"><li class=\"menu-item menu-item-type-post_type menu-item-object-page menu-item-home menu-item-has-children menu-item-3127\"><a aria-expanded=\"false\" href=\"https:\/\/www.fundacioneducacionydesarrollo.org\/en\/\" class=\"elementor-item menu-link\" tabindex=\"-1\">INICIO<span role=\"application\" class=\"dropdown-menu-toggle ast-header-navigation-arrow\" tabindex=\"0\" aria-expanded=\"false\" aria-label=\"Menu Toggle\" ><\/span><\/a>\n<ul class=\"sub-menu elementor-nav-menu--dropdown\">\n\t<li class=\"menu-item menu-item-type-post_type menu-item-object-page menu-item-14974\"><a href=\"https:\/\/www.fundacioneducacionydesarrollo.org\/en\/inicio\/efectos-del-juego\/\" class=\"elementor-sub-item menu-link\" tabindex=\"-1\">Efectos del Juego<\/a><\/li>\n<\/ul>\n<\/li>\n<li class=\"menu-item menu-item-type-custom menu-item-object-custom menu-item-has-children menu-item-11441\"><a aria-expanded=\"false\" href=\"#\" class=\"elementor-item elementor-item-anchor menu-link\" tabindex=\"-1\">CON\u00d3CENOS<span role=\"application\" class=\"dropdown-menu-toggle ast-header-navigation-arrow\" tabindex=\"0\" aria-expanded=\"false\" aria-label=\"Menu Toggle\" ><\/span><\/a>\n<ul class=\"sub-menu elementor-nav-menu--dropdown\">\n\t<li class=\"menu-item menu-item-type-post_type menu-item-object-page menu-item-10488\"><a href=\"https:\/\/www.fundacioneducacionydesarrollo.org\/en\/inicio\/quienes-somos\/\" class=\"elementor-sub-item menu-link\" tabindex=\"-1\">Quienes somos<\/a><\/li>\n\t<li class=\"menu-item menu-item-type-post_type menu-item-object-page menu-item-2761\"><a href=\"https:\/\/www.fundacioneducacionydesarrollo.org\/en\/actividades\/\" class=\"elementor-sub-item menu-link\" tabindex=\"-1\">Qu\u00e9 hacemos<\/a><\/li>\n\t<li class=\"menu-item menu-item-type-post_type menu-item-object-page menu-item-2758\"><a href=\"https:\/\/www.fundacioneducacionydesarrollo.org\/en\/inicio\/trabajo\/\" class=\"elementor-sub-item menu-link\" tabindex=\"-1\">Convenios<\/a><\/li>\n\t<li class=\"menu-item menu-item-type-post_type menu-item-object-e-landing-page menu-item-15173\"><a href=\"https:\/\/www.fundacioneducacionydesarrollo.org\/en\/memorias\/\" class=\"elementor-sub-item menu-link\" tabindex=\"-1\">Memorias<\/a><\/li>\n\t<li class=\"menu-item menu-item-type-post_type menu-item-object-page menu-item-2759\"><a href=\"https:\/\/www.fundacioneducacionydesarrollo.org\/en\/inicio\/reconocimientos\/\" class=\"elementor-sub-item menu-link\" tabindex=\"-1\">Reconocimientos<\/a><\/li>\n\t<li class=\"menu-item menu-item-type-post_type menu-item-object-page menu-item-15962\"><a href=\"https:\/\/www.fundacioneducacionydesarrollo.org\/en\/actividades\/programa-de-voluntariado\/\" class=\"elementor-sub-item menu-link\" tabindex=\"-1\">Programa de Voluntariado<\/a><\/li>\n<\/ul>\n<\/li>\n<li class=\"menu-item menu-item-type-custom menu-item-object-custom menu-item-has-children menu-item-10938\"><a aria-expanded=\"false\" href=\"#\" class=\"elementor-item elementor-item-anchor menu-link\" tabindex=\"-1\">ACTIVIDADES<span role=\"application\" class=\"dropdown-menu-toggle ast-header-navigation-arrow\" tabindex=\"0\" aria-expanded=\"false\" aria-label=\"Menu Toggle\" ><\/span><\/a>\n<ul class=\"sub-menu elementor-nav-menu--dropdown\">\n\t<li class=\"menu-item menu-item-type-post_type menu-item-object-page menu-item-18207\"><a href=\"https:\/\/www.fundacioneducacionydesarrollo.org\/en\/actividades\/codi-teca\/\" class=\"elementor-sub-item menu-link\" tabindex=\"-1\">CODI-TECA<\/a><\/li>\n\t<li class=\"menu-item menu-item-type-post_type menu-item-object-page menu-item-18018\"><a href=\"https:\/\/www.fundacioneducacionydesarrollo.org\/en\/actividades\/diplomatura-2025\/\" class=\"elementor-sub-item menu-link\" tabindex=\"-1\">Diplomatura 2025<\/a><\/li>\n\t<li class=\"menu-item menu-item-type-post_type menu-item-object-e-landing-page menu-item-has-children menu-item-17059\"><a aria-expanded=\"false\" href=\"https:\/\/www.fundacioneducacionydesarrollo.org\/en\/red-de-ludotecas-de-peru\/\" class=\"elementor-sub-item menu-link\" tabindex=\"-1\">Redes de Ludotecas<span role=\"application\" class=\"dropdown-menu-toggle ast-header-navigation-arrow\" tabindex=\"0\" aria-expanded=\"false\" aria-label=\"Menu Toggle\" ><\/span><\/a>\n\t<ul class=\"sub-menu elementor-nav-menu--dropdown\">\n\t\t<li class=\"menu-item menu-item-type-post_type menu-item-object-page menu-item-6982\"><a href=\"https:\/\/www.fundacioneducacionydesarrollo.org\/en\/actividades\/redes-de-ludotecas\/presentacion-de-la-red-de-ludotecas-de-peru\/\" class=\"elementor-sub-item menu-link\" tabindex=\"-1\">Presentaci\u00f3n de la RED<\/a><\/li>\n\t\t<li class=\"menu-item menu-item-type-post_type menu-item-object-page menu-item-17060\"><a href=\"https:\/\/www.fundacioneducacionydesarrollo.org\/en\/actividades\/redes-de-ludotecas\/ludotecas-escolares\/\" class=\"elementor-sub-item menu-link\" tabindex=\"-1\">Ludotecas escolares<\/a><\/li>\n\t\t<li class=\"menu-item menu-item-type-post_type menu-item-object-page menu-item-17191\"><a href=\"https:\/\/www.fundacioneducacionydesarrollo.org\/en\/actividades\/redes-de-ludotecas\/ludotecas-comunales\/\" class=\"elementor-sub-item menu-link\" tabindex=\"-1\">Ludotecas comunales<\/a><\/li>\n\t<\/ul>\n<\/li>\n\t<li class=\"menu-item menu-item-type-post_type menu-item-object-page menu-item-has-children menu-item-16128\"><a aria-expanded=\"false\" href=\"https:\/\/www.fundacioneducacionydesarrollo.org\/en\/actividades\/construyendo-mi-juguete-ecologico\/\" class=\"elementor-sub-item menu-link\" tabindex=\"-1\">Construyendo mi juguete ecol\u00f3gico<span role=\"application\" class=\"dropdown-menu-toggle ast-header-navigation-arrow\" tabindex=\"0\" aria-expanded=\"false\" aria-label=\"Menu Toggle\" ><\/span><\/a>\n\t<ul class=\"sub-menu elementor-nav-menu--dropdown\">\n\t\t<li class=\"menu-item menu-item-type-post_type menu-item-object-page menu-item-16443\"><a href=\"https:\/\/www.fundacioneducacionydesarrollo.org\/en\/actividades\/construyendo-mi-juguete-ecologico\/exposicion-de-juguetes-ecologicos\/\" class=\"elementor-sub-item menu-link\" tabindex=\"-1\">Exposici\u00f3n de Juguetes Ecol\u00f3gicos<\/a><\/li>\n\t<\/ul>\n<\/li>\n\t<li class=\"menu-item menu-item-type-post_type menu-item-object-e-landing-page menu-item-has-children menu-item-14588\"><a aria-expanded=\"false\" href=\"https:\/\/www.fundacioneducacionydesarrollo.org\/en\/destapemos-la-creatividad\/\" class=\"elementor-sub-item menu-link\" tabindex=\"-1\">Destapemos la Creatividad<span role=\"application\" class=\"dropdown-menu-toggle ast-header-navigation-arrow\" tabindex=\"0\" aria-expanded=\"false\" aria-label=\"Menu Toggle\" ><\/span><\/a>\n\t<ul class=\"sub-menu elementor-nav-menu--dropdown\">\n\t\t<li class=\"menu-item menu-item-type-post_type menu-item-object-e-landing-page menu-item-14638\"><a href=\"https:\/\/www.fundacioneducacionydesarrollo.org\/en\/elecciones-2023\/\" class=\"elementor-sub-item menu-link\" tabindex=\"-1\">Elecciones 2023<\/a><\/li>\n\t<\/ul>\n<\/li>\n\t<li class=\"menu-item menu-item-type-post_type menu-item-object-page menu-item-12528\"><a href=\"https:\/\/www.fundacioneducacionydesarrollo.org\/en\/actividades\/yo-elijo-mis-juguetes\/\" class=\"elementor-sub-item menu-link\" tabindex=\"-1\">Yo Elijo mis Juguetes<\/a><\/li>\n<\/ul>\n<\/li>\n<li class=\"menu-item menu-item-type-post_type menu-item-object-page menu-item-has-children menu-item-2765\"><a aria-expanded=\"false\" href=\"https:\/\/www.fundacioneducacionydesarrollo.org\/en\/biblioteca\/\" class=\"elementor-item menu-link\" tabindex=\"-1\">BIBLIOTECA<span role=\"application\" class=\"dropdown-menu-toggle ast-header-navigation-arrow\" tabindex=\"0\" aria-expanded=\"false\" aria-label=\"Menu Toggle\" ><\/span><\/a>\n<ul class=\"sub-menu elementor-nav-menu--dropdown\">\n\t<li class=\"menu-item menu-item-type-post_type menu-item-object-page menu-item-2766\"><a href=\"https:\/\/www.fundacioneducacionydesarrollo.org\/en\/galeria\/\" class=\"elementor-sub-item menu-link\" tabindex=\"-1\">Galer\u00eda<\/a><\/li>\n\t<li class=\"menu-item menu-item-type-post_type menu-item-object-page menu-item-17397\"><a href=\"https:\/\/www.fundacioneducacionydesarrollo.org\/en\/biblioteca\/primera-mirada-al-mar\/\" class=\"elementor-sub-item menu-link\" tabindex=\"-1\">Primera mirada al Mar<\/a><\/li>\n\t<li class=\"menu-item menu-item-type-post_type menu-item-object-page menu-item-15354\"><a href=\"https:\/\/www.fundacioneducacionydesarrollo.org\/en\/biblioteca\/beebee-todas-a-una\/\" class=\"elementor-sub-item menu-link\" tabindex=\"-1\">Beebee \u00a1Todas a una!<\/a><\/li>\n\t<li class=\"menu-item menu-item-type-post_type menu-item-object-e-landing-page menu-item-17716\"><a href=\"https:\/\/www.fundacioneducacionydesarrollo.org\/en\/educacion-rural\/\" class=\"elementor-sub-item menu-link\" tabindex=\"-1\">Educaci\u00f3n Rural<\/a><\/li>\n<\/ul>\n<\/li>\n<li class=\"menu-item menu-item-type-post_type menu-item-object-page menu-item-has-children menu-item-2767\"><a aria-expanded=\"false\" href=\"https:\/\/www.fundacioneducacionydesarrollo.org\/en\/agenda\/\" class=\"elementor-item menu-link\" tabindex=\"-1\">AGENDA<span role=\"application\" class=\"dropdown-menu-toggle ast-header-navigation-arrow\" tabindex=\"0\" aria-expanded=\"false\" aria-label=\"Menu Toggle\" ><\/span><\/a>\n<ul class=\"sub-menu elementor-nav-menu--dropdown\">\n\t<li class=\"menu-item menu-item-type-post_type menu-item-object-page menu-item-18277\"><a href=\"https:\/\/www.fundacioneducacionydesarrollo.org\/en\/blog\/\" class=\"elementor-sub-item menu-link\" tabindex=\"-1\">Blog<\/a><\/li>\n<\/ul>\n<\/li>\n<li class=\"menu-item menu-item-type-post_type menu-item-object-page menu-item-2768\"><a href=\"https:\/\/www.fundacioneducacionydesarrollo.org\/en\/colabora\/contacto\/\" class=\"elementor-item menu-link\" tabindex=\"-1\">CONTACTO<\/a><\/li>\n<\/ul>\t\t\t<\/nav>\n\t\t\t\t\t\t<\/div>\n\t\t\t\t<\/div>\n\t\t\t\t\t<\/div>\n\t\t<\/div>\n\t\t\t\t<div class=\"elementor-column elementor-col-33 elementor-top-column elementor-element elementor-element-2a64611\" data-id=\"2a64611\" data-element_type=\"column\" data-e-type=\"column\">\n\t\t\t<div class=\"elementor-widget-wrap elementor-element-populated\">\n\t\t\t\t\t\t<div class=\"elementor-element elementor-element-9a8bed2 elementor-align-left boton elementor-hidden-mobile_extra elementor-hidden-mobile elementor-invisible elementor-widget elementor-widget-button\" data-id=\"9a8bed2\" data-element_type=\"widget\" data-e-type=\"widget\" data-settings=\"{&quot;_animation&quot;:&quot;zoomIn&quot;}\" data-widget_type=\"button.default\">\n\t\t\t\t<div class=\"elementor-widget-container\">\n\t\t\t\t\t\t\t\t\t<div class=\"elementor-button-wrapper\">\n\t\t\t\t\t<a class=\"elementor-button elementor-button-link elementor-size-sm elementor-animation-pulse\" href=\"https:\/\/www.fundacioneducacionydesarrollo.org\/colabora\">\n\t\t\t\t\t\t<span class=\"elementor-button-content-wrapper\">\n\t\t\t\t\t\t\t\t\t<span class=\"elementor-button-text\">COLABORA<\/span>\n\t\t\t\t\t<\/span>\n\t\t\t\t\t<\/a>\n\t\t\t\t<\/div>\n\t\t\t\t\t\t\t\t<\/div>\n\t\t\t\t<\/div>\n\t\t\t\t\t<\/div>\n\t\t<\/div>\n\t\t\t\t\t<\/div>\n\t\t<\/section>\n\t\t\t\t<section class=\"elementor-section elementor-top-section elementor-element elementor-element-a0503cd elementor-section-stretched elementor-hidden-widescreen elementor-hidden-desktop elementor-hidden-laptop elementor-hidden-tablet_extra elementor-hidden-tablet elementor-section-boxed elementor-section-height-default elementor-section-height-default\" data-id=\"a0503cd\" data-element_type=\"section\" data-e-type=\"section\" id=\"og\" data-settings=\"{&quot;background_background&quot;:&quot;slideshow&quot;,&quot;stretch_section&quot;:&quot;section-stretched&quot;,&quot;background_slideshow_gallery&quot;:[{&quot;id&quot;:13741,&quot;url&quot;:&quot;https:\\\/\\\/www.fundacioneducacionydesarrollo.org\\\/wp-content\\\/uploads\\\/2023\\\/03\\\/WhatsApp-Image-2022-11-08-at-10.17.13-AM-4.jpeg&quot;}],&quot;background_slideshow_loop&quot;:&quot;yes&quot;,&quot;background_slideshow_slide_duration&quot;:5000,&quot;background_slideshow_slide_transition&quot;:&quot;fade&quot;,&quot;background_slideshow_transition_duration&quot;:500}\">\n\t\t\t\t\t\t\t<div class=\"elementor-background-overlay\"><\/div>\n\t\t\t\t\t\t\t<div class=\"elementor-container elementor-column-gap-default\">\n\t\t\t\t\t<div class=\"elementor-column elementor-col-50 elementor-top-column elementor-element elementor-element-70d7742\" data-id=\"70d7742\" data-element_type=\"column\" data-e-type=\"column\">\n\t\t\t<div class=\"elementor-widget-wrap elementor-element-populated\">\n\t\t\t\t\t\t<div class=\"elementor-element elementor-element-2e5febf elementor-widget elementor-widget-spacer\" data-id=\"2e5febf\" data-element_type=\"widget\" data-e-type=\"widget\" data-widget_type=\"spacer.default\">\n\t\t\t\t<div class=\"elementor-widget-container\">\n\t\t\t\t\t\t\t<div class=\"elementor-spacer\">\n\t\t\t<div class=\"elementor-spacer-inner\"><\/div>\n\t\t<\/div>\n\t\t\t\t\t\t<\/div>\n\t\t\t\t<\/div>\n\t\t\t\t<div class=\"elementor-element elementor-element-73c77c5 elementor-widget-laptop__width-initial elementor-widget elementor-widget-theme-post-title elementor-page-title elementor-widget-heading\" data-id=\"73c77c5\" data-element_type=\"widget\" data-e-type=\"widget\" data-widget_type=\"theme-post-title.default\">\n\t\t\t\t<div class=\"elementor-widget-container\">\n\t\t\t\t\t<h1 class=\"elementor-heading-title elementor-size-default\">Conocemos la naturaleza a trav\u00e9s de las Cajas Nidos<\/h1>\t\t\t\t<\/div>\n\t\t\t\t<\/div>\n\t\t\t\t<div class=\"elementor-element elementor-element-1ad78c8 elementor-share-buttons--view-icon elementor-share-buttons--color-custom elementor-share-buttons--skin-gradient elementor-share-buttons--shape-square elementor-grid-0 elementor-widget elementor-widget-share-buttons\" data-id=\"1ad78c8\" data-element_type=\"widget\" data-e-type=\"widget\" data-widget_type=\"share-buttons.default\">\n\t\t\t\t<div class=\"elementor-widget-container\">\n\t\t\t\t\t\t\t<div class=\"elementor-grid\" role=\"list\">\n\t\t\t\t\t\t\t\t<div class=\"elementor-grid-item\" role=\"listitem\">\n\t\t\t\t\t\t<div class=\"elementor-share-btn elementor-share-btn_facebook\" role=\"button\" tabindex=\"0\" aria-label=\"Share on facebook\">\n\t\t\t\t\t\t\t\t\t\t\t\t\t\t\t<span class=\"elementor-share-btn__icon\">\n\t\t\t\t\t\t\t\t<i class=\"fab fa-facebook\" aria-hidden=\"true\"><\/i>\t\t\t\t\t\t\t<\/span>\n\t\t\t\t\t\t\t\t\t\t\t\t\t\t\t\t\t\t\t\t<\/div>\n\t\t\t\t\t<\/div>\n\t\t\t\t\t\t\t\t\t<div class=\"elementor-grid-item\" role=\"listitem\">\n\t\t\t\t\t\t<div class=\"elementor-share-btn elementor-share-btn_twitter\" role=\"button\" tabindex=\"0\" aria-label=\"Share on twitter\">\n\t\t\t\t\t\t\t\t\t\t\t\t\t\t\t<span class=\"elementor-share-btn__icon\">\n\t\t\t\t\t\t\t\t<i class=\"fab fa-twitter\" aria-hidden=\"true\"><\/i>\t\t\t\t\t\t\t<\/span>\n\t\t\t\t\t\t\t\t\t\t\t\t\t\t\t\t\t\t\t\t<\/div>\n\t\t\t\t\t<\/div>\n\t\t\t\t\t\t\t\t\t<div class=\"elementor-grid-item\" role=\"listitem\">\n\t\t\t\t\t\t<div class=\"elementor-share-btn elementor-share-btn_linkedin\" role=\"button\" tabindex=\"0\" aria-label=\"Share on linkedin\">\n\t\t\t\t\t\t\t\t\t\t\t\t\t\t\t<span class=\"elementor-share-btn__icon\">\n\t\t\t\t\t\t\t\t<i class=\"fab fa-linkedin\" aria-hidden=\"true\"><\/i>\t\t\t\t\t\t\t<\/span>\n\t\t\t\t\t\t\t\t\t\t\t\t\t\t\t\t\t\t\t\t<\/div>\n\t\t\t\t\t<\/div>\n\t\t\t\t\t\t\t\t\t<div class=\"elementor-grid-item\" role=\"listitem\">\n\t\t\t\t\t\t<div class=\"elementor-share-btn elementor-share-btn_whatsapp\" role=\"button\" tabindex=\"0\" aria-label=\"Share on whatsapp\">\n\t\t\t\t\t\t\t\t\t\t\t\t\t\t\t<span class=\"elementor-share-btn__icon\">\n\t\t\t\t\t\t\t\t<i class=\"fab fa-whatsapp\" aria-hidden=\"true\"><\/i>\t\t\t\t\t\t\t<\/span>\n\t\t\t\t\t\t\t\t\t\t\t\t\t\t\t\t\t\t\t\t<\/div>\n\t\t\t\t\t<\/div>\n\t\t\t\t\t\t\t\t\t<div class=\"elementor-grid-item\" role=\"listitem\">\n\t\t\t\t\t\t<div class=\"elementor-share-btn elementor-share-btn_telegram\" role=\"button\" tabindex=\"0\" aria-label=\"Share on telegram\">\n\t\t\t\t\t\t\t\t\t\t\t\t\t\t\t<span class=\"elementor-share-btn__icon\">\n\t\t\t\t\t\t\t\t<i class=\"fab fa-telegram\" aria-hidden=\"true\"><\/i>\t\t\t\t\t\t\t<\/span>\n\t\t\t\t\t\t\t\t\t\t\t\t\t\t\t\t\t\t\t\t<\/div>\n\t\t\t\t\t<\/div>\n\t\t\t\t\t\t<\/div>\n\t\t\t\t\t\t<\/div>\n\t\t\t\t<\/div>\n\t\t\t\t<div class=\"elementor-element elementor-element-4cab1a4 elementor-widget elementor-widget-spacer\" data-id=\"4cab1a4\" data-element_type=\"widget\" data-e-type=\"widget\" data-widget_type=\"spacer.default\">\n\t\t\t\t<div class=\"elementor-widget-container\">\n\t\t\t\t\t\t\t<div class=\"elementor-spacer\">\n\t\t\t<div class=\"elementor-spacer-inner\"><\/div>\n\t\t<\/div>\n\t\t\t\t\t\t<\/div>\n\t\t\t\t<\/div>\n\t\t\t\t\t<\/div>\n\t\t<\/div>\n\t\t\t\t<div class=\"elementor-column elementor-col-50 elementor-top-column elementor-element elementor-element-e167cf6\" data-id=\"e167cf6\" data-element_type=\"column\" data-e-type=\"column\">\n\t\t\t<div class=\"elementor-widget-wrap\">\n\t\t\t\t\t\t\t<\/div>\n\t\t<\/div>\n\t\t\t\t\t<\/div>\n\t\t<\/section>\n\t\t\t\t<section class=\"elementor-section elementor-top-section elementor-element elementor-element-297d65b elementor-section-stretched elementor-hidden-mobile_extra elementor-hidden-mobile elementor-section-boxed elementor-section-height-default elementor-section-height-default\" data-id=\"297d65b\" data-element_type=\"section\" data-e-type=\"section\" id=\"nidito\" data-settings=\"{&quot;background_background&quot;:&quot;slideshow&quot;,&quot;stretch_section&quot;:&quot;section-stretched&quot;,&quot;background_slideshow_gallery&quot;:[{&quot;id&quot;:13741,&quot;url&quot;:&quot;https:\\\/\\\/www.fundacioneducacionydesarrollo.org\\\/wp-content\\\/uploads\\\/2023\\\/03\\\/WhatsApp-Image-2022-11-08-at-10.17.13-AM-4.jpeg&quot;}],&quot;background_slideshow_loop&quot;:&quot;yes&quot;,&quot;background_slideshow_slide_duration&quot;:5000,&quot;background_slideshow_slide_transition&quot;:&quot;fade&quot;,&quot;background_slideshow_transition_duration&quot;:500}\">\n\t\t\t\t\t\t\t<div class=\"elementor-background-overlay\"><\/div>\n\t\t\t\t\t\t\t<div class=\"elementor-container elementor-column-gap-default\">\n\t\t\t\t\t<div class=\"elementor-column elementor-col-50 elementor-top-column elementor-element elementor-element-f4a9099\" data-id=\"f4a9099\" data-element_type=\"column\" data-e-type=\"column\">\n\t\t\t<div class=\"elementor-widget-wrap elementor-element-populated\">\n\t\t\t\t\t\t<div class=\"elementor-element elementor-element-5798eb1 elementor-widget elementor-widget-spacer\" data-id=\"5798eb1\" data-element_type=\"widget\" data-e-type=\"widget\" data-widget_type=\"spacer.default\">\n\t\t\t\t<div class=\"elementor-widget-container\">\n\t\t\t\t\t\t\t<div class=\"elementor-spacer\">\n\t\t\t<div class=\"elementor-spacer-inner\"><\/div>\n\t\t<\/div>\n\t\t\t\t\t\t<\/div>\n\t\t\t\t<\/div>\n\t\t\t\t<div class=\"elementor-element elementor-element-8cb1c45 elementor-widget-laptop__width-initial elementor-widget elementor-widget-theme-post-title elementor-page-title elementor-widget-heading\" data-id=\"8cb1c45\" data-element_type=\"widget\" data-e-type=\"widget\" data-widget_type=\"theme-post-title.default\">\n\t\t\t\t<div class=\"elementor-widget-container\">\n\t\t\t\t\t<h1 class=\"elementor-heading-title elementor-size-default\">Conocemos la naturaleza a trav\u00e9s de las Cajas Nidos<\/h1>\t\t\t\t<\/div>\n\t\t\t\t<\/div>\n\t\t\t\t<div class=\"elementor-element elementor-element-394b5bc elementor-share-buttons--view-icon elementor-share-buttons--color-custom elementor-share-buttons--skin-gradient elementor-share-buttons--shape-square elementor-grid-0 elementor-widget elementor-widget-share-buttons\" data-id=\"394b5bc\" data-element_type=\"widget\" data-e-type=\"widget\" data-widget_type=\"share-buttons.default\">\n\t\t\t\t<div class=\"elementor-widget-container\">\n\t\t\t\t\t\t\t<div class=\"elementor-grid\" role=\"list\">\n\t\t\t\t\t\t\t\t<div class=\"elementor-grid-item\" role=\"listitem\">\n\t\t\t\t\t\t<div class=\"elementor-share-btn elementor-share-btn_facebook\" role=\"button\" tabindex=\"0\" aria-label=\"Share on facebook\">\n\t\t\t\t\t\t\t\t\t\t\t\t\t\t\t<span class=\"elementor-share-btn__icon\">\n\t\t\t\t\t\t\t\t<i class=\"fab fa-facebook\" aria-hidden=\"true\"><\/i>\t\t\t\t\t\t\t<\/span>\n\t\t\t\t\t\t\t\t\t\t\t\t\t\t\t\t\t\t\t\t<\/div>\n\t\t\t\t\t<\/div>\n\t\t\t\t\t\t\t\t\t<div class=\"elementor-grid-item\" role=\"listitem\">\n\t\t\t\t\t\t<div class=\"elementor-share-btn elementor-share-btn_twitter\" role=\"button\" tabindex=\"0\" aria-label=\"Share on twitter\">\n\t\t\t\t\t\t\t\t\t\t\t\t\t\t\t<span class=\"elementor-share-btn__icon\">\n\t\t\t\t\t\t\t\t<i class=\"fab fa-twitter\" aria-hidden=\"true\"><\/i>\t\t\t\t\t\t\t<\/span>\n\t\t\t\t\t\t\t\t\t\t\t\t\t\t\t\t\t\t\t\t<\/div>\n\t\t\t\t\t<\/div>\n\t\t\t\t\t\t\t\t\t<div class=\"elementor-grid-item\" role=\"listitem\">\n\t\t\t\t\t\t<div class=\"elementor-share-btn elementor-share-btn_linkedin\" role=\"button\" tabindex=\"0\" aria-label=\"Share on linkedin\">\n\t\t\t\t\t\t\t\t\t\t\t\t\t\t\t<span class=\"elementor-share-btn__icon\">\n\t\t\t\t\t\t\t\t<i class=\"fab fa-linkedin\" aria-hidden=\"true\"><\/i>\t\t\t\t\t\t\t<\/span>\n\t\t\t\t\t\t\t\t\t\t\t\t\t\t\t\t\t\t\t\t<\/div>\n\t\t\t\t\t<\/div>\n\t\t\t\t\t\t\t\t\t<div class=\"elementor-grid-item\" role=\"listitem\">\n\t\t\t\t\t\t<div class=\"elementor-share-btn elementor-share-btn_whatsapp\" role=\"button\" tabindex=\"0\" aria-label=\"Share on whatsapp\">\n\t\t\t\t\t\t\t\t\t\t\t\t\t\t\t<span class=\"elementor-share-btn__icon\">\n\t\t\t\t\t\t\t\t<i class=\"fab fa-whatsapp\" aria-hidden=\"true\"><\/i>\t\t\t\t\t\t\t<\/span>\n\t\t\t\t\t\t\t\t\t\t\t\t\t\t\t\t\t\t\t\t<\/div>\n\t\t\t\t\t<\/div>\n\t\t\t\t\t\t\t\t\t<div class=\"elementor-grid-item\" role=\"listitem\">\n\t\t\t\t\t\t<div class=\"elementor-share-btn elementor-share-btn_email\" role=\"button\" tabindex=\"0\" aria-label=\"Share on email\">\n\t\t\t\t\t\t\t\t\t\t\t\t\t\t\t<span class=\"elementor-share-btn__icon\">\n\t\t\t\t\t\t\t\t<i class=\"fas fa-envelope\" aria-hidden=\"true\"><\/i>\t\t\t\t\t\t\t<\/span>\n\t\t\t\t\t\t\t\t\t\t\t\t\t\t\t\t\t\t\t\t<\/div>\n\t\t\t\t\t<\/div>\n\t\t\t\t\t\t\t\t\t<div class=\"elementor-grid-item\" role=\"listitem\">\n\t\t\t\t\t\t<div class=\"elementor-share-btn elementor-share-btn_telegram\" role=\"button\" tabindex=\"0\" aria-label=\"Share on telegram\">\n\t\t\t\t\t\t\t\t\t\t\t\t\t\t\t<span class=\"elementor-share-btn__icon\">\n\t\t\t\t\t\t\t\t<i class=\"fab fa-telegram\" aria-hidden=\"true\"><\/i>\t\t\t\t\t\t\t<\/span>\n\t\t\t\t\t\t\t\t\t\t\t\t\t\t\t\t\t\t\t\t<\/div>\n\t\t\t\t\t<\/div>\n\t\t\t\t\t\t<\/div>\n\t\t\t\t\t\t<\/div>\n\t\t\t\t<\/div>\n\t\t\t\t\t<\/div>\n\t\t<\/div>\n\t\t\t\t<div class=\"elementor-column elementor-col-50 elementor-top-column elementor-element elementor-element-95505a4\" data-id=\"95505a4\" data-element_type=\"column\" data-e-type=\"column\">\n\t\t\t<div class=\"elementor-widget-wrap\">\n\t\t\t\t\t\t\t<\/div>\n\t\t<\/div>\n\t\t\t\t\t<\/div>\n\t\t<\/section>\n\t\t\t\t<section class=\"elementor-section elementor-top-section elementor-element elementor-element-9cc047c elementor-section-full_width elementor-section-stretched elementor-section-height-default elementor-section-height-default\" data-id=\"9cc047c\" data-element_type=\"section\" data-e-type=\"section\" data-settings=\"{&quot;stretch_section&quot;:&quot;section-stretched&quot;}\">\n\t\t\t\t\t\t<div class=\"elementor-container elementor-column-gap-default\">\n\t\t\t\t\t<div class=\"elementor-column elementor-col-66 elementor-top-column elementor-element elementor-element-f778604\" data-id=\"f778604\" data-element_type=\"column\" data-e-type=\"column\" data-settings=\"{&quot;background_background&quot;:&quot;classic&quot;}\">\n\t\t\t<div class=\"elementor-widget-wrap elementor-element-populated\">\n\t\t\t\t\t\t<div class=\"elementor-element elementor-element-2e6b048 elementor-widget elementor-widget-theme-post-excerpt\" data-id=\"2e6b048\" data-element_type=\"widget\" data-e-type=\"widget\" data-widget_type=\"theme-post-excerpt.default\">\n\t\t\t\t<div class=\"elementor-widget-container\">\n\t\t\t\t\tJugamos, descubrimos y aprendemos en el campo a trav\u00e9s de la construcci\u00f3n de cajas nidos con los ni\u00f1os y las ni\u00f1as de la ludoteca de Usera en Madrid. \t\t\t\t<\/div>\n\t\t\t\t<\/div>\n\t\t\t\t<div class=\"elementor-element elementor-element-dbe2660 elementor-arrows-position-inside elementor-pagination-position-outside elementor-widget elementor-widget-image-carousel\" data-id=\"dbe2660\" data-element_type=\"widget\" data-e-type=\"widget\" data-settings=\"{&quot;slides_to_show&quot;:&quot;1&quot;,&quot;navigation&quot;:&quot;both&quot;,&quot;autoplay&quot;:&quot;yes&quot;,&quot;pause_on_hover&quot;:&quot;yes&quot;,&quot;pause_on_interaction&quot;:&quot;yes&quot;,&quot;autoplay_speed&quot;:5000,&quot;infinite&quot;:&quot;yes&quot;,&quot;effect&quot;:&quot;slide&quot;,&quot;speed&quot;:500}\" data-widget_type=\"image-carousel.default\">\n\t\t\t\t<div class=\"elementor-widget-container\">\n\t\t\t\t\t\t\t<div class=\"elementor-image-carousel-wrapper swiper\" role=\"region\" aria-roledescription=\"carousel\" aria-label=\"Carrusel de im\u00e1genes\" dir=\"ltr\">\n\t\t\t<div class=\"elementor-image-carousel swiper-wrapper\" aria-live=\"off\">\n\t\t\t\t\t\t\t\t<div class=\"swiper-slide\" role=\"group\" aria-roledescription=\"slide\" aria-label=\"1 de 2\"><figure class=\"swiper-slide-inner\"><img decoding=\"async\" class=\"swiper-slide-image\" src=\"https:\/\/www.fundacioneducacionydesarrollo.org\/wp-content\/uploads\/2023\/03\/WhatsApp-Image-2022-10-15-at-7.36.02-AM-5-768x576.jpeg\" alt=\"WhatsApp Image 2022-10-15 at 7.36.02 AM (5)\" \/><\/figure><\/div><div class=\"swiper-slide\" role=\"group\" aria-roledescription=\"slide\" aria-label=\"2 de 2\"><figure class=\"swiper-slide-inner\"><img decoding=\"async\" class=\"swiper-slide-image\" src=\"https:\/\/www.fundacioneducacionydesarrollo.org\/wp-content\/uploads\/2022\/11\/WhatsApp-Image-2022-10-15-at-7.36.02-AM-6-768x432.jpeg\" alt=\"WhatsApp Image 2022-10-15 at 7.36.02 AM (6)\" \/><\/figure><\/div>\t\t\t<\/div>\n\t\t\t\t\t\t\t\t\t\t\t\t<div class=\"elementor-swiper-button elementor-swiper-button-prev\" role=\"button\" tabindex=\"0\">\n\t\t\t\t\t\t<i aria-hidden=\"true\" class=\"eicon-chevron-left\"><\/i>\t\t\t\t\t<\/div>\n\t\t\t\t\t<div class=\"elementor-swiper-button elementor-swiper-button-next\" role=\"button\" tabindex=\"0\">\n\t\t\t\t\t\t<i aria-hidden=\"true\" class=\"eicon-chevron-right\"><\/i>\t\t\t\t\t<\/div>\n\t\t\t\t\n\t\t\t\t\t\t\t\t\t<div class=\"swiper-pagination\"><\/div>\n\t\t\t\t\t\t\t\t\t<\/div>\n\t\t\t\t\t\t<\/div>\n\t\t\t\t<\/div>\n\t\t\t\t<div class=\"elementor-element elementor-element-7aed331 elementor-widget elementor-widget-text-editor\" data-id=\"7aed331\" data-element_type=\"widget\" data-e-type=\"widget\" data-widget_type=\"text-editor.default\">\n\t\t\t\t<div class=\"elementor-widget-container\">\n\t\t\t\t\t\t\t\t\t<p><strong>Madrid, Espa\u00f1a<\/strong>\u00a0\u2013 Conectar a la infancia y a sus familias con la naturaleza es una prioridad para la Fundaci\u00f3n Educaci\u00f3n y Desarrollo, que recientemente organiz\u00f3 la actividad educativa \u00abConocemos la Naturaleza a trav\u00e9s de las Cajas Nidos\u00bb en Miraflores de la Sierra, Madrid. El evento reuni\u00f3 a 22 ni\u00f1os y ni\u00f1as de la ludoteca del barrio Zof\u00edo de Usera, quienes, junto con sus padres y madres, participaron en esta experiencia orientada a la protecci\u00f3n de las aves migratorias y al desarrollo de una conciencia ambiental.<\/p>\t\t\t\t\t\t\t\t<\/div>\n\t\t\t\t<\/div>\n\t\t\t\t<div class=\"elementor-element elementor-element-849f464 elementor-widget elementor-widget-text-editor\" data-id=\"849f464\" data-element_type=\"widget\" data-e-type=\"widget\" data-widget_type=\"text-editor.default\">\n\t\t\t\t<div class=\"elementor-widget-container\">\n\t\t\t\t\t\t\t\t\t<p>La iniciativa tuvo como objetivo fomentar en la ni\u00f1ez el respeto y la comprensi\u00f3n de la biodiversidad a trav\u00e9s de la construcci\u00f3n, decoraci\u00f3n y colocaci\u00f3n de cajas nido para aves migratorias. Las cajas, hechas de madera y provenientes de una asociaci\u00f3n que colabora con adolescentes con s\u00edndrome de Down, fueron decoradas por los peque\u00f1os y sus familias durante dos semanas, en las que se dedicaron no solo a ensamblar las casitas, sino tambi\u00e9n a llenarlas de color y personalidad, incluso d\u00e1ndoles nombres a los \u201cfuturos habitantes\u201d. \u201cDecorar las casitas fue su actividad favorita\u201d, se\u00f1al\u00f3 uno de los padres participantes, destacando la alegr\u00eda de los ni\u00f1os al darles vida a estos refugios para las aves.<\/p>\t\t\t\t\t\t\t\t<\/div>\n\t\t\t\t<\/div>\n\t\t\t\t<div class=\"elementor-element elementor-element-a67c91f elementor-widget elementor-widget-heading\" data-id=\"a67c91f\" data-element_type=\"widget\" data-e-type=\"widget\" data-widget_type=\"heading.default\">\n\t\t\t\t<div class=\"elementor-widget-container\">\n\t\t\t\t\t<h4 class=\"elementor-heading-title elementor-size-default\">El Viaje a Miraflores de la Sierra: Conexi\u00f3n con la Naturaleza y el Campo<\/h4>\t\t\t\t<\/div>\n\t\t\t\t<\/div>\n\t\t\t\t<div class=\"elementor-element elementor-element-5084195 elementor-widget elementor-widget-text-editor\" data-id=\"5084195\" data-element_type=\"widget\" data-e-type=\"widget\" data-widget_type=\"text-editor.default\">\n\t\t\t\t<div class=\"elementor-widget-container\">\n\t\t\t\t\t\t\t\t\t<p>El d\u00eda de la salida, un autob\u00fas gestionado por la Fundaci\u00f3n llev\u00f3 a los participantes a Miraflores de la Sierra. Durante el trayecto, los ni\u00f1os y las ni\u00f1as compartieron historias y canciones organizadas por las voluntarias de la Fundaci\u00f3n, mientras los padres se un\u00edan a la animada conversaci\u00f3n. Para muchos de los ni\u00f1os, era la primera vez en el campo, y observaron emocionados animales como vacas, ovejas y toros a lo largo del camino, manifestando sorpresa y curiosidad ante la riqueza natural que les rodeaba.<\/p>\t\t\t\t\t\t\t\t<\/div>\n\t\t\t\t<\/div>\n\t\t\t\t<div class=\"elementor-element elementor-element-71a38b1 elementor-widget elementor-widget-text-editor\" data-id=\"71a38b1\" data-element_type=\"widget\" data-e-type=\"widget\" data-widget_type=\"text-editor.default\">\n\t\t\t\t<div class=\"elementor-widget-container\">\n\t\t\t\t\t\t\t\t\t<p>La primera parada fue en la sede de la Fundaci\u00f3n, donde fueron recibidos por el profesor y bi\u00f3logo Juan Linaza, quien tambi\u00e9n es apicultor y un entusiasta de la educaci\u00f3n ambiental. Linaza dio la bienvenida y explic\u00f3 la actividad siguiente: cada ni\u00f1o y ni\u00f1a deb\u00eda buscar un \u00e1rbol alto, orientado al sur, para colgar su caja nido, una posici\u00f3n estrat\u00e9gica para que las aves puedan adaptarse mejor al entorno. La actividad, que un\u00eda diversi\u00f3n y aprendizaje, emocion\u00f3 a los peque\u00f1os, quienes colocaron sus cajas en los \u00e1rboles con gran entusiasmo.<\/p>\t\t\t\t\t\t\t\t<\/div>\n\t\t\t\t<\/div>\n\t\t\t\t<div class=\"elementor-element elementor-element-076065b elementor-arrows-position-inside elementor-pagination-position-outside elementor-widget elementor-widget-image-carousel\" data-id=\"076065b\" data-element_type=\"widget\" data-e-type=\"widget\" data-settings=\"{&quot;slides_to_show&quot;:&quot;1&quot;,&quot;navigation&quot;:&quot;both&quot;,&quot;autoplay&quot;:&quot;yes&quot;,&quot;pause_on_hover&quot;:&quot;yes&quot;,&quot;pause_on_interaction&quot;:&quot;yes&quot;,&quot;autoplay_speed&quot;:5000,&quot;infinite&quot;:&quot;yes&quot;,&quot;effect&quot;:&quot;slide&quot;,&quot;speed&quot;:500}\" data-widget_type=\"image-carousel.default\">\n\t\t\t\t<div class=\"elementor-widget-container\">\n\t\t\t\t\t\t\t<div class=\"elementor-image-carousel-wrapper swiper\" role=\"region\" aria-roledescription=\"carousel\" aria-label=\"Carrusel de im\u00e1genes\" dir=\"ltr\">\n\t\t\t<div class=\"elementor-image-carousel swiper-wrapper\" aria-live=\"off\">\n\t\t\t\t\t\t\t\t<div class=\"swiper-slide\" role=\"group\" aria-roledescription=\"slide\" aria-label=\"1 de 3\"><figure class=\"swiper-slide-inner\"><img decoding=\"async\" class=\"swiper-slide-image\" src=\"https:\/\/www.fundacioneducacionydesarrollo.org\/wp-content\/uploads\/2023\/03\/WhatsApp-Image-2022-11-08-at-10.17.09-AM-3-768x576.jpeg\" alt=\"WhatsApp Image 2022-11-08 at 10.17.09 AM (3)\" \/><\/figure><\/div><div class=\"swiper-slide\" role=\"group\" aria-roledescription=\"slide\" aria-label=\"2 de 3\"><figure class=\"swiper-slide-inner\"><img decoding=\"async\" class=\"swiper-slide-image\" src=\"https:\/\/www.fundacioneducacionydesarrollo.org\/wp-content\/uploads\/2023\/03\/WhatsApp-Image-2022-11-08-at-10.17.07-AM-768x576.jpeg\" alt=\"WhatsApp Image 2022-11-08 at 10.17.07 AM\" \/><\/figure><\/div><div class=\"swiper-slide\" role=\"group\" aria-roledescription=\"slide\" aria-label=\"3 de 3\"><figure class=\"swiper-slide-inner\"><img decoding=\"async\" class=\"swiper-slide-image\" src=\"https:\/\/www.fundacioneducacionydesarrollo.org\/wp-content\/uploads\/2022\/02\/WhatsApp-Image-2022-11-08-at-10.17.10-AM-1-768x576.jpeg\" alt=\"WhatsApp Image 2022-11-08 at 10.17.10 AM (1)\" \/><\/figure><\/div>\t\t\t<\/div>\n\t\t\t\t\t\t\t\t\t\t\t\t<div class=\"elementor-swiper-button elementor-swiper-button-prev\" role=\"button\" tabindex=\"0\">\n\t\t\t\t\t\t<i aria-hidden=\"true\" class=\"eicon-chevron-left\"><\/i>\t\t\t\t\t<\/div>\n\t\t\t\t\t<div class=\"elementor-swiper-button elementor-swiper-button-next\" role=\"button\" tabindex=\"0\">\n\t\t\t\t\t\t<i aria-hidden=\"true\" class=\"eicon-chevron-right\"><\/i>\t\t\t\t\t<\/div>\n\t\t\t\t\n\t\t\t\t\t\t\t\t\t<div class=\"swiper-pagination\"><\/div>\n\t\t\t\t\t\t\t\t\t<\/div>\n\t\t\t\t\t\t<\/div>\n\t\t\t\t<\/div>\n\t\t\t\t<div class=\"elementor-element elementor-element-1ee3681 elementor-widget elementor-widget-spacer\" data-id=\"1ee3681\" data-element_type=\"widget\" data-e-type=\"widget\" data-widget_type=\"spacer.default\">\n\t\t\t\t<div class=\"elementor-widget-container\">\n\t\t\t\t\t\t\t<div class=\"elementor-spacer\">\n\t\t\t<div class=\"elementor-spacer-inner\"><\/div>\n\t\t<\/div>\n\t\t\t\t\t\t<\/div>\n\t\t\t\t<\/div>\n\t\t\t\t<div class=\"elementor-element elementor-element-46b5e56 elementor-widget elementor-widget-heading\" data-id=\"46b5e56\" data-element_type=\"widget\" data-e-type=\"widget\" data-widget_type=\"heading.default\">\n\t\t\t\t<div class=\"elementor-widget-container\">\n\t\t\t\t\t<h4 class=\"elementor-heading-title elementor-size-default\">Reforestaci\u00f3n y Juegos con el Reba\u00f1o<\/h4>\t\t\t\t<\/div>\n\t\t\t\t<\/div>\n\t\t\t\t<div class=\"elementor-element elementor-element-d5b57ad elementor-widget elementor-widget-text-editor\" data-id=\"d5b57ad\" data-element_type=\"widget\" data-e-type=\"widget\" data-widget_type=\"text-editor.default\">\n\t\t\t\t<div class=\"elementor-widget-container\">\n\t\t\t\t\t\t\t\t\t<p>El proyecto continu\u00f3 con una actividad de reforestaci\u00f3n. Con ayuda de picos y palas, los participantes plantaron bellotas de roble y pi\u00f1ones de pino y trasplantaron \u00e1rboles peque\u00f1os alrededor de la parcela. La Fundaci\u00f3n resalt\u00f3 la importancia de esta tarea en su misi\u00f3n de educar a las nuevas generaciones en pr\u00e1cticas sostenibles y en el cuidado del medio ambiente. Para los ni\u00f1os, esta experiencia fue una oportunidad de ensuciarse las manos y comprender el valor de cada \u00e1rbol en el ecosistema.<\/p>\t\t\t\t\t\t\t\t<\/div>\n\t\t\t\t<\/div>\n\t\t\t\t<div class=\"elementor-element elementor-element-9f8636c elementor-widget elementor-widget-text-editor\" data-id=\"9f8636c\" data-element_type=\"widget\" data-e-type=\"widget\" data-widget_type=\"text-editor.default\">\n\t\t\t\t<div class=\"elementor-widget-container\">\n\t\t\t\t\t\t\t\t\t<p>M\u00e1s tarde, visitaron el establo de ovejas, donde los ni\u00f1os se divirtieron corriendo y jugando con el reba\u00f1o, aprovechando la libertad de estar en un espacio abierto y natural. Esta conexi\u00f3n con los animales y la naturaleza forma parte de los valores que la Fundaci\u00f3n Educaci\u00f3n y Desarrollo busca transmitir a trav\u00e9s de sus proyectos, inspirando a los peque\u00f1os a sentirse parte del entorno que los rodea.<\/p>\t\t\t\t\t\t\t\t<\/div>\n\t\t\t\t<\/div>\n\t\t\t\t<div class=\"elementor-element elementor-element-8fc7aff elementor-widget elementor-widget-heading\" data-id=\"8fc7aff\" data-element_type=\"widget\" data-e-type=\"widget\" data-widget_type=\"heading.default\">\n\t\t\t\t<div class=\"elementor-widget-container\">\n\t\t\t\t\t<h4 class=\"elementor-heading-title elementor-size-default\">Un Cuento en la Fuente del Cura: Aprendiendo con Leyendas y Sonidos Ancestrales<\/h4>\t\t\t\t<\/div>\n\t\t\t\t<\/div>\n\t\t\t\t<div class=\"elementor-element elementor-element-8c9a61a elementor-widget elementor-widget-text-editor\" data-id=\"8c9a61a\" data-element_type=\"widget\" data-e-type=\"widget\" data-widget_type=\"text-editor.default\">\n\t\t\t\t<div class=\"elementor-widget-container\">\n\t\t\t\t\t\t\t\t\t<p>La siguiente parada fue la Fuente del Cura, una peque\u00f1a vaguada a las afueras del pueblo, donde los ni\u00f1os disfrutaron de un cuento m\u00edstico relatado por Gary Aranda, un narrador proveniente de Ayacucho, Per\u00fa, que estaba de visita en Espa\u00f1a. Este relato, lleno de elementos m\u00e1gicos y naturales, captur\u00f3 la imaginaci\u00f3n de los ni\u00f1os y ni\u00f1as, quienes escucharon atentamente. Tras el cuento, Aranda present\u00f3 un instrumento precolombino que emit\u00eda un sonido mediante el movimiento del agua, despertando la curiosidad de los peque\u00f1os, que hicieron preguntas sobre su funcionamiento y origen. Esta experiencia no solo enriqueci\u00f3 el aprendizaje, sino que tambi\u00e9n ampli\u00f3 su visi\u00f3n de las culturas y la historia.<\/p>\t\t\t\t\t\t\t\t<\/div>\n\t\t\t\t<\/div>\n\t\t\t\t<div class=\"elementor-element elementor-element-ff3ed89 elementor-widget elementor-widget-text-editor\" data-id=\"ff3ed89\" data-element_type=\"widget\" data-e-type=\"widget\" data-widget_type=\"text-editor.default\">\n\t\t\t\t<div class=\"elementor-widget-container\">\n\t\t\t\t\t\t\t\t\t<p>Al finalizar la actividad en la Fuente del Cura, lleg\u00f3 el momento de la comida. Las familias, organizadas en peque\u00f1os grupos, reflexionando sobre las experiencias vividas y el v\u00ednculo creado entre los participantes. Durante esta pausa, los padres y madres tambi\u00e9n aprovecharon para comentar la importancia de la actividad y el impacto positivo que tuvo en sus hijos. Esta conexi\u00f3n entre familias refuerza el compromiso de la Fundaci\u00f3n en crear espacios donde tanto adultos como ni\u00f1os aprendan a cuidar la naturaleza, fortaleciendo el sentido de comunidad y responsabilidad compartida.<\/p>\t\t\t\t\t\t\t\t<\/div>\n\t\t\t\t<\/div>\n\t\t\t\t<div class=\"elementor-element elementor-element-bbf2117 elementor-widget elementor-widget-heading\" data-id=\"bbf2117\" data-element_type=\"widget\" data-e-type=\"widget\" data-widget_type=\"heading.default\">\n\t\t\t\t<div class=\"elementor-widget-container\">\n\t\t\t\t\t<h4 class=\"elementor-heading-title elementor-size-default\">El Regreso: Una Despedida con Deseos de Repetici\u00f3n<\/h4>\t\t\t\t<\/div>\n\t\t\t\t<\/div>\n\t\t\t\t<div class=\"elementor-element elementor-element-d5883fc elementor-widget elementor-widget-text-editor\" data-id=\"d5883fc\" data-element_type=\"widget\" data-e-type=\"widget\" data-widget_type=\"text-editor.default\">\n\t\t\t\t<div class=\"elementor-widget-container\">\n\t\t\t\t\t\t\t\t\t<p>La \u00faltima parada antes de regresar fue en el riachuelo de Miraflores de la Sierra, donde Linaza gui\u00f3 al grupo en un paseo final. Al volver al autob\u00fas, los ni\u00f1os, exhaustos despu\u00e9s de un d\u00eda lleno de actividades, se quedaron dormidos durante el trayecto de regreso. Al llegar a la ludoteca de Usera, se despidieron con abrazos y deseos de volver a vivir una experiencia similar.<\/p>\t\t\t\t\t\t\t\t<\/div>\n\t\t\t\t<\/div>\n\t\t\t\t<div class=\"elementor-element elementor-element-858c631 elementor-widget elementor-widget-heading\" data-id=\"858c631\" data-element_type=\"widget\" data-e-type=\"widget\" data-widget_type=\"heading.default\">\n\t\t\t\t<div class=\"elementor-widget-container\">\n\t\t\t\t\t<h4 class=\"elementor-heading-title elementor-size-default\">Importancia de la Educaci\u00f3n Ambiental en la Infancia<\/h4>\t\t\t\t<\/div>\n\t\t\t\t<\/div>\n\t\t\t\t<div class=\"elementor-element elementor-element-c70c7b5 elementor-widget elementor-widget-text-editor\" data-id=\"c70c7b5\" data-element_type=\"widget\" data-e-type=\"widget\" data-widget_type=\"text-editor.default\">\n\t\t\t\t<div class=\"elementor-widget-container\">\n\t\t\t\t\t\t\t\t\t<p>Actividades como \u201cConocemos la Naturaleza a trav\u00e9s de las Cajas Nidos\u201d son fundamentales en el enfoque educativo de la Fundaci\u00f3n Educaci\u00f3n y Desarrollo, que busca sensibilizar a la infancia sobre la importancia de cuidar el medio ambiente. La construcci\u00f3n y decoraci\u00f3n de cajas nido para aves migratorias, junto con la plantaci\u00f3n de \u00e1rboles, son acciones simples pero poderosas que ense\u00f1an a los ni\u00f1os el valor de la vida y el impacto que cada uno puede tener en la naturaleza. En este sentido, la educaci\u00f3n ambiental se convierte en un pilar esencial para fomentar ciudadanos conscientes y responsables con su entorno.<\/p>\t\t\t\t\t\t\t\t<\/div>\n\t\t\t\t<\/div>\n\t\t\t\t<div class=\"elementor-element elementor-element-96c2011 elementor-widget elementor-widget-text-editor\" data-id=\"96c2011\" data-element_type=\"widget\" data-e-type=\"widget\" data-widget_type=\"text-editor.default\">\n\t\t\t\t<div class=\"elementor-widget-container\">\n\t\t\t\t\t\t\t\t\t<p><strong>Juan Linaza<\/strong>, quien ha colaborado en esta y otras actividades de la Fundaci\u00f3n, destac\u00f3 la necesidad de involucrar a los m\u00e1s peque\u00f1os en proyectos de conservaci\u00f3n. \u201cCuando los ni\u00f1os plantan un \u00e1rbol o construyen una casa para aves, est\u00e1n participando activamente en el cuidado de la naturaleza, y este aprendizaje es fundamental para que el respeto y la conciencia ecol\u00f3gica se arraiguen desde una edad temprana\u201d, se\u00f1al\u00f3.<\/p>\t\t\t\t\t\t\t\t<\/div>\n\t\t\t\t<\/div>\n\t\t\t\t<div class=\"elementor-element elementor-element-90dc79d elementor-widget elementor-widget-text-editor\" data-id=\"90dc79d\" data-element_type=\"widget\" data-e-type=\"widget\" data-widget_type=\"text-editor.default\">\n\t\t\t\t<div class=\"elementor-widget-container\">\n\t\t\t\t\t\t\t\t\t<p>En conclusi\u00f3n, esta actividad no solo brind\u00f3 a los ni\u00f1os y sus familias una experiencia \u00fanica de aprendizaje y convivencia, sino que tambi\u00e9n reafirm\u00f3 el compromiso de la Fundaci\u00f3n Educaci\u00f3n y Desarrollo en su labor de crear conciencia ambiental y promover el respeto por la biodiversidad. La jornada en Miraflores de la Sierra dej\u00f3 una huella significativa en cada participante, con la promesa de continuar fortaleciendo esta misi\u00f3n educativa en futuras actividades y proyectos ambientales.<\/p>\t\t\t\t\t\t\t\t<\/div>\n\t\t\t\t<\/div>\n\t\t\t\t<div class=\"elementor-element elementor-element-36fde2f elementor-widget elementor-widget-heading\" data-id=\"36fde2f\" data-element_type=\"widget\" data-e-type=\"widget\" data-widget_type=\"heading.default\">\n\t\t\t\t<div class=\"elementor-widget-container\">\n\t\t\t\t\t<h4 class=\"elementor-heading-title elementor-size-default\">Razones para colocar Cajas Nidos<\/h4>\t\t\t\t<\/div>\n\t\t\t\t<\/div>\n\t\t\t\t<div class=\"elementor-element elementor-element-4e9a800 elementor-widget elementor-widget-text-editor\" data-id=\"4e9a800\" data-element_type=\"widget\" data-e-type=\"widget\" data-widget_type=\"text-editor.default\">\n\t\t\t\t<div class=\"elementor-widget-container\">\n\t\t\t\t\t\t\t\t\t<ol><li>Proporcionan a las aves lugares m\u00e1s seguros para la cr\u00eda y refugio, disminuyendo la depredaci\u00f3n de nidos.<\/li><li>Proporcionan lugares de nidificaci\u00f3n a especies donde no los hay en oquedades de forma natural.<\/li><li>Facilitan la recuperaci\u00f3n de especies amenazadas, mejorando la diversidad del ecosistema.<\/li><li>Potencian la conservaci\u00f3n de las aves, proporcionado un control biol\u00f3gico antes posibles plagas como los mosquitos. Con ellos se reducen el uso de insecticidas que son perjudiciales para el medio ambiente.<\/li><li>Dan pie a estudios cient\u00edficos aportando datos a diferentes investigaciones de comportamiento de los animales, especies bioindicadores, etc.<\/li><li>Proporcionan un buen espacio a los amantes de la naturaleza para observar a dichas aves, para realizar fotograf\u00edas, educaci\u00f3n ambiental, etc. Siempre hay que tener en cuenta que, si pretendemos cuidar algo, se obtienen mejores resultados si lo conoces, si te gusta o lo has visto.<\/li><li>Visitar y disfrutar de espacios naturales contribuye a mejorar nuestra salud y a sentirnos mejor con nosotros mismos.<\/li><li>Permiten potenciar la biodiversidad y mejorar el medio ambiente, fomentado un proyecto de todos y contribuyendo al aprendizaje servicio.<\/li><\/ol>\t\t\t\t\t\t\t\t<\/div>\n\t\t\t\t<\/div>\n\t\t\t\t<div class=\"elementor-element elementor-element-fa334dd elementor-widget elementor-widget-author-box\" data-id=\"fa334dd\" data-element_type=\"widget\" data-e-type=\"widget\" data-widget_type=\"author-box.default\">\n\t\t\t\t<div class=\"elementor-widget-container\">\n\t\t\t\t\t\t\t<div class=\"elementor-author-box\">\n\t\t\t\t\t\t\t<div  class=\"elementor-author-box__avatar\">\n\t\t\t\t\t<img decoding=\"async\" src=\"https:\/\/www.fundacioneducacionydesarrollo.org\/wp-content\/uploads\/2022\/01\/25394939_10154875568136104_7699130398760324823_o-1-e1643456893689-300x234.jpg\" alt=\"Picture of Fundaci\u00f3n Educaci\u00f3n y Desarrollo\" loading=\"lazy\">\n\t\t\t\t<\/div>\n\t\t\t\n\t\t\t<div class=\"elementor-author-box__text\">\n\t\t\t\t\t\t\t\t\t<div >\n\t\t\t\t\t\t<h4 class=\"elementor-author-box__name\">\n\t\t\t\t\t\t\tFundaci\u00f3n Educaci\u00f3n y Desarrollo\t\t\t\t\t\t<\/h4>\n\t\t\t\t\t<\/div>\n\t\t\t\t\n\t\t\t\t\t\t\t\t\t<div class=\"elementor-author-box__bio\">\n\t\t\t\t\t\t<p>Prof. Juan Linaza - miembro del patronato de la Fundaci\u00f3n Educaci\u00f3n y Desarrollo de Espa\u00f1a. <\/p>\n\t\t\t\t\t<\/div>\n\t\t\t\t\n\t\t\t\t\t\t\t<\/div>\n\t\t<\/div>\n\t\t\t\t\t\t<\/div>\n\t\t\t\t<\/div>\n\t\t\t\t\t<\/div>\n\t\t<\/div>\n\t\t\t\t<div class=\"elementor-column elementor-col-33 elementor-top-column elementor-element elementor-element-cff96be elementor-hidden-mobile_extra elementor-hidden-mobile\" data-id=\"cff96be\" data-element_type=\"column\" data-e-type=\"column\">\n\t\t\t<div class=\"elementor-widget-wrap elementor-element-populated\">\n\t\t\t\t\t\t<div class=\"elementor-element elementor-element-439eaae elementor-search-form--skin-classic elementor-search-form--button-type-icon elementor-search-form--icon-search elementor-widget elementor-widget-search-form\" data-id=\"439eaae\" data-element_type=\"widget\" data-e-type=\"widget\" data-settings=\"{&quot;skin&quot;:&quot;classic&quot;}\" data-widget_type=\"search-form.default\">\n\t\t\t\t<div class=\"elementor-widget-container\">\n\t\t\t\t\t\t\t<search role=\"search\">\n\t\t\t<form class=\"elementor-search-form\" action=\"https:\/\/www.fundacioneducacionydesarrollo.org\/en\" method=\"get\">\n\t\t\t\t\t\t\t\t\t\t\t\t<div class=\"elementor-search-form__container\">\n\t\t\t\t\t<label class=\"elementor-screen-only\" for=\"elementor-search-form-439eaae\">Search<\/label>\n\n\t\t\t\t\t\n\t\t\t\t\t<input id=\"elementor-search-form-439eaae\" placeholder=\"Buscar...\" class=\"elementor-search-form__input\" type=\"search\" name=\"s\" value=\"\">\n\t\t\t\t\t\n\t\t\t\t\t\t\t\t\t\t\t<button class=\"elementor-search-form__submit\" type=\"submit\" aria-label=\"Search\">\n\t\t\t\t\t\t\t\t\t\t\t\t\t\t\t<i aria-hidden=\"true\" class=\"fas fa-search\"><\/i>\t\t\t\t\t\t\t\t\t\t\t\t\t<\/button>\n\t\t\t\t\t\n\t\t\t\t\t\t\t\t\t<\/div>\n\t\t\t<\/form>\n\t\t<\/search>\n\t\t\t\t\t\t<\/div>\n\t\t\t\t<\/div>\n\t\t\t\t<div class=\"elementor-element elementor-element-1341cd3 elementor-widget elementor-widget-heading\" data-id=\"1341cd3\" data-element_type=\"widget\" data-e-type=\"widget\" data-widget_type=\"heading.default\">\n\t\t\t\t<div class=\"elementor-widget-container\">\n\t\t\t\t\t<h4 class=\"elementor-heading-title elementor-size-default\">Quienes Somos<\/h4>\t\t\t\t<\/div>\n\t\t\t\t<\/div>\n\t\t\t\t<div class=\"elementor-element elementor-element-60c3046 elementor-widget elementor-widget-text-editor\" data-id=\"60c3046\" data-element_type=\"widget\" data-e-type=\"widget\" data-widget_type=\"text-editor.default\">\n\t\t\t\t<div class=\"elementor-widget-container\">\n\t\t\t\t\t\t\t\t\t<p>Somos una instituci\u00f3n sin \u00e1nimo de lucro, que defiende el derecho al juego de la infancia. Llevamos 30 a\u00f1os generando y sosteniendo espacios y tiempos en los que se respeta el juego y el protagonismo l\u00fadico de la infancia. Reivindicamos espacios de juego al aire libre y promovemos una educaci\u00f3n ambiental que permita disfrutar y cuidar la naturaleza.<\/p>\t\t\t\t\t\t\t\t<\/div>\n\t\t\t\t<\/div>\n\t\t\t\t<div class=\"elementor-element elementor-element-777cf00 elementor-shape-square elementor-grid-0 elementor-widget elementor-widget-social-icons\" data-id=\"777cf00\" data-element_type=\"widget\" data-e-type=\"widget\" data-widget_type=\"social-icons.default\">\n\t\t\t\t<div class=\"elementor-widget-container\">\n\t\t\t\t\t\t\t<div class=\"elementor-social-icons-wrapper elementor-grid\" role=\"list\">\n\t\t\t\t\t\t\t<span class=\"elementor-grid-item\" role=\"listitem\">\n\t\t\t\t\t<a class=\"elementor-icon elementor-social-icon elementor-social-icon-facebook-f elementor-repeater-item-0d1bf11\" href=\"https:\/\/www.facebook.com\/Fedlima2018\" target=\"_blank\">\n\t\t\t\t\t\t<span class=\"elementor-screen-only\">Facebook-f<\/span>\n\t\t\t\t\t\t<i aria-hidden=\"true\" class=\"fab fa-facebook-f\"><\/i>\t\t\t\t\t<\/a>\n\t\t\t\t<\/span>\n\t\t\t\t\t\t\t<span class=\"elementor-grid-item\" role=\"listitem\">\n\t\t\t\t\t<a class=\"elementor-icon elementor-social-icon elementor-social-icon-x-twitter elementor-repeater-item-ae20f37\" href=\"https:\/\/x.com\/feducaydesarrol\" target=\"_blank\">\n\t\t\t\t\t\t<span class=\"elementor-screen-only\">X-twitter<\/span>\n\t\t\t\t\t\t<i aria-hidden=\"true\" class=\"fab fa-x-twitter\"><\/i>\t\t\t\t\t<\/a>\n\t\t\t\t<\/span>\n\t\t\t\t\t\t\t<span class=\"elementor-grid-item\" role=\"listitem\">\n\t\t\t\t\t<a class=\"elementor-icon elementor-social-icon elementor-social-icon-youtube elementor-repeater-item-24858d7\" href=\"https:\/\/www.youtube.com\/channel\/UCMVtVMkZAYjDVMQ2EOwLFQw\" target=\"_blank\">\n\t\t\t\t\t\t<span class=\"elementor-screen-only\">Youtube<\/span>\n\t\t\t\t\t\t<i aria-hidden=\"true\" class=\"fab fa-youtube\"><\/i>\t\t\t\t\t<\/a>\n\t\t\t\t<\/span>\n\t\t\t\t\t\t\t<span class=\"elementor-grid-item\" role=\"listitem\">\n\t\t\t\t\t<a class=\"elementor-icon elementor-social-icon elementor-social-icon-instagram elementor-repeater-item-bce7a8f\" href=\"https:\/\/www.instagram.com\/fundeducacionydesarrollo\/?utm_medium=copy_link\" target=\"_blank\">\n\t\t\t\t\t\t<span class=\"elementor-screen-only\">Instagram<\/span>\n\t\t\t\t\t\t<i aria-hidden=\"true\" class=\"fab fa-instagram\"><\/i>\t\t\t\t\t<\/a>\n\t\t\t\t<\/span>\n\t\t\t\t\t<\/div>\n\t\t\t\t\t\t<\/div>\n\t\t\t\t<\/div>\n\t\t\t\t<div class=\"elementor-element elementor-element-15e8c00 elementor-widget elementor-widget-heading\" data-id=\"15e8c00\" data-element_type=\"widget\" data-e-type=\"widget\" data-widget_type=\"heading.default\">\n\t\t\t\t<div class=\"elementor-widget-container\">\n\t\t\t\t\t<h4 class=\"elementor-heading-title elementor-size-default\">Otras Noticias<\/h4>\t\t\t\t<\/div>\n\t\t\t\t<\/div>\n\t\t\t\t<div class=\"elementor-element elementor-element-161236e elementor-grid-1 elementor-posts--thumbnail-left elementor-grid-tablet-2 elementor-grid-mobile-1 elementor-widget elementor-widget-posts\" data-id=\"161236e\" data-element_type=\"widget\" data-e-type=\"widget\" data-settings=\"{&quot;classic_columns&quot;:&quot;1&quot;,&quot;classic_row_gap&quot;:{&quot;unit&quot;:&quot;px&quot;,&quot;size&quot;:20,&quot;sizes&quot;:[]},&quot;classic_columns_tablet&quot;:&quot;2&quot;,&quot;classic_columns_mobile&quot;:&quot;1&quot;,&quot;classic_row_gap_widescreen&quot;:{&quot;unit&quot;:&quot;px&quot;,&quot;size&quot;:&quot;&quot;,&quot;sizes&quot;:[]},&quot;classic_row_gap_laptop&quot;:{&quot;unit&quot;:&quot;px&quot;,&quot;size&quot;:&quot;&quot;,&quot;sizes&quot;:[]},&quot;classic_row_gap_tablet_extra&quot;:{&quot;unit&quot;:&quot;px&quot;,&quot;size&quot;:&quot;&quot;,&quot;sizes&quot;:[]},&quot;classic_row_gap_tablet&quot;:{&quot;unit&quot;:&quot;px&quot;,&quot;size&quot;:&quot;&quot;,&quot;sizes&quot;:[]},&quot;classic_row_gap_mobile_extra&quot;:{&quot;unit&quot;:&quot;px&quot;,&quot;size&quot;:&quot;&quot;,&quot;sizes&quot;:[]},&quot;classic_row_gap_mobile&quot;:{&quot;unit&quot;:&quot;px&quot;,&quot;size&quot;:&quot;&quot;,&quot;sizes&quot;:[]}}\" data-widget_type=\"posts.classic\">\n\t\t\t\t<div class=\"elementor-widget-container\">\n\t\t\t\t\t\t\t<div class=\"elementor-posts-container elementor-posts elementor-posts--skin-classic elementor-grid\" role=\"list\">\n\t\t\t\t<article class=\"elementor-post elementor-grid-item post-18238 post type-post status-publish format-standard has-post-thumbnail hentry category-cultura\" role=\"listitem\">\n\t\t\t\t<a class=\"elementor-post__thumbnail__link\" href=\"https:\/\/www.fundacioneducacionydesarrollo.org\/en\/31-2\/\" tabindex=\"-1\" >\n\t\t\t<div class=\"elementor-post__thumbnail\"><img decoding=\"async\" width=\"300\" height=\"222\" src=\"https:\/\/www.fundacioneducacionydesarrollo.org\/wp-content\/uploads\/2025\/08\/WhatsApp-Image-2025-08-20-at-12.38.12-300x222.jpeg\" class=\"attachment-medium size-medium wp-image-18243\" alt=\"Fundaci\u00f3n Educaci\u00f3n y Desarrollo 31 aniversario\" srcset=\"https:\/\/www.fundacioneducacionydesarrollo.org\/wp-content\/uploads\/2025\/08\/WhatsApp-Image-2025-08-20-at-12.38.12-300x222.jpeg 300w, https:\/\/www.fundacioneducacionydesarrollo.org\/wp-content\/uploads\/2025\/08\/WhatsApp-Image-2025-08-20-at-12.38.12-1024x759.jpeg 1024w, https:\/\/www.fundacioneducacionydesarrollo.org\/wp-content\/uploads\/2025\/08\/WhatsApp-Image-2025-08-20-at-12.38.12-768x569.jpeg 768w, https:\/\/www.fundacioneducacionydesarrollo.org\/wp-content\/uploads\/2025\/08\/WhatsApp-Image-2025-08-20-at-12.38.12-1536x1139.jpeg 1536w, https:\/\/www.fundacioneducacionydesarrollo.org\/wp-content\/uploads\/2025\/08\/WhatsApp-Image-2025-08-20-at-12.38.12-2048x1518.jpeg 2048w, https:\/\/www.fundacioneducacionydesarrollo.org\/wp-content\/uploads\/2025\/08\/WhatsApp-Image-2025-08-20-at-12.38.12-16x12.jpeg 16w\" sizes=\"(max-width: 300px) 100vw, 300px\" \/><\/div>\n\t\t<\/a>\n\t\t\t\t<div class=\"elementor-post__text\">\n\t\t\t\t<h3 class=\"elementor-post__title\">\n\t\t\t<a href=\"https:\/\/www.fundacioneducacionydesarrollo.org\/en\/31-2\/\" >\n\t\t\t\t31 A\u00f1os de Compromiso Social con la Infancia\t\t\t<\/a>\n\t\t<\/h3>\n\t\t\n\t\t<a class=\"elementor-post__read-more\" href=\"https:\/\/www.fundacioneducacionydesarrollo.org\/en\/31-2\/\" aria-label=\"Read more about 31 A\u00f1os de Compromiso Social con la Infancia\" tabindex=\"-1\" >\n\t\t\tRead More \u00bb\t\t<\/a>\n\n\t\t\t\t<\/div>\n\t\t\t\t<\/article>\n\t\t\t\t<article class=\"elementor-post elementor-grid-item post-17406 post type-post status-publish format-standard has-post-thumbnail hentry category-cultura category-infantil\" role=\"listitem\">\n\t\t\t\t<a class=\"elementor-post__thumbnail__link\" href=\"https:\/\/www.fundacioneducacionydesarrollo.org\/en\/celebramos-el-ano-nuevo-chino\/\" tabindex=\"-1\" >\n\t\t\t<div class=\"elementor-post__thumbnail\"><img decoding=\"async\" width=\"300\" height=\"200\" src=\"https:\/\/www.fundacioneducacionydesarrollo.org\/wp-content\/uploads\/2025\/02\/WhatsApp-Image-2025-02-05-at-18.59.09-300x200.jpeg\" class=\"attachment-medium size-medium wp-image-17436\" alt=\"A\u00f1o Nuevo Chino\" srcset=\"https:\/\/www.fundacioneducacionydesarrollo.org\/wp-content\/uploads\/2025\/02\/WhatsApp-Image-2025-02-05-at-18.59.09-300x200.jpeg 300w, https:\/\/www.fundacioneducacionydesarrollo.org\/wp-content\/uploads\/2025\/02\/WhatsApp-Image-2025-02-05-at-18.59.09-1024x682.jpeg 1024w, https:\/\/www.fundacioneducacionydesarrollo.org\/wp-content\/uploads\/2025\/02\/WhatsApp-Image-2025-02-05-at-18.59.09-768x512.jpeg 768w, https:\/\/www.fundacioneducacionydesarrollo.org\/wp-content\/uploads\/2025\/02\/WhatsApp-Image-2025-02-05-at-18.59.09-1536x1023.jpeg 1536w, https:\/\/www.fundacioneducacionydesarrollo.org\/wp-content\/uploads\/2025\/02\/WhatsApp-Image-2025-02-05-at-18.59.09-18x12.jpeg 18w, https:\/\/www.fundacioneducacionydesarrollo.org\/wp-content\/uploads\/2025\/02\/WhatsApp-Image-2025-02-05-at-18.59.09.jpeg 1600w\" sizes=\"(max-width: 300px) 100vw, 300px\" \/><\/div>\n\t\t<\/a>\n\t\t\t\t<div class=\"elementor-post__text\">\n\t\t\t\t<h3 class=\"elementor-post__title\">\n\t\t\t<a href=\"https:\/\/www.fundacioneducacionydesarrollo.org\/en\/celebramos-el-ano-nuevo-chino\/\" >\n\t\t\t\tCelebramos el A\u00f1o Nuevo Chino\t\t\t<\/a>\n\t\t<\/h3>\n\t\t\n\t\t<a class=\"elementor-post__read-more\" href=\"https:\/\/www.fundacioneducacionydesarrollo.org\/en\/celebramos-el-ano-nuevo-chino\/\" aria-label=\"Read more about Celebramos el A\u00f1o Nuevo Chino\" tabindex=\"-1\" >\n\t\t\tRead More \u00bb\t\t<\/a>\n\n\t\t\t\t<\/div>\n\t\t\t\t<\/article>\n\t\t\t\t<article class=\"elementor-post elementor-grid-item post-17120 post type-post status-publish format-standard has-post-thumbnail hentry category-juego\" role=\"listitem\">\n\t\t\t\t<a class=\"elementor-post__thumbnail__link\" href=\"https:\/\/www.fundacioneducacionydesarrollo.org\/en\/jugando-en-el-cole\/\" tabindex=\"-1\" >\n\t\t\t<div class=\"elementor-post__thumbnail\"><img loading=\"lazy\" decoding=\"async\" width=\"300\" height=\"169\" src=\"https:\/\/www.fundacioneducacionydesarrollo.org\/wp-content\/uploads\/2024\/05\/WhatsApp-Image-2024-05-18-at-2.48.12-AM-e1716584084323-300x169.jpeg\" class=\"attachment-medium size-medium wp-image-15379\" alt=\"\" srcset=\"https:\/\/www.fundacioneducacionydesarrollo.org\/wp-content\/uploads\/2024\/05\/WhatsApp-Image-2024-05-18-at-2.48.12-AM-e1716584084323-300x169.jpeg 300w, https:\/\/www.fundacioneducacionydesarrollo.org\/wp-content\/uploads\/2024\/05\/WhatsApp-Image-2024-05-18-at-2.48.12-AM-e1716584084323-1024x576.jpeg 1024w, https:\/\/www.fundacioneducacionydesarrollo.org\/wp-content\/uploads\/2024\/05\/WhatsApp-Image-2024-05-18-at-2.48.12-AM-e1716584084323-768x432.jpeg 768w, https:\/\/www.fundacioneducacionydesarrollo.org\/wp-content\/uploads\/2024\/05\/WhatsApp-Image-2024-05-18-at-2.48.12-AM-e1716584084323-1536x864.jpeg 1536w, https:\/\/www.fundacioneducacionydesarrollo.org\/wp-content\/uploads\/2024\/05\/WhatsApp-Image-2024-05-18-at-2.48.12-AM-e1716584084323-18x10.jpeg 18w, https:\/\/www.fundacioneducacionydesarrollo.org\/wp-content\/uploads\/2024\/05\/WhatsApp-Image-2024-05-18-at-2.48.12-AM-e1716584084323.jpeg 1599w\" sizes=\"(max-width: 300px) 100vw, 300px\" \/><\/div>\n\t\t<\/a>\n\t\t\t\t<div class=\"elementor-post__text\">\n\t\t\t\t<h3 class=\"elementor-post__title\">\n\t\t\t<a href=\"https:\/\/www.fundacioneducacionydesarrollo.org\/en\/jugando-en-el-cole\/\" >\n\t\t\t\tLudotecas escolares y su impacto en la convivencia entre estudiantes\t\t\t<\/a>\n\t\t<\/h3>\n\t\t\n\t\t<a class=\"elementor-post__read-more\" href=\"https:\/\/www.fundacioneducacionydesarrollo.org\/en\/jugando-en-el-cole\/\" aria-label=\"Read more about Ludotecas escolares y su impacto en la convivencia entre estudiantes\" tabindex=\"-1\" >\n\t\t\tRead More \u00bb\t\t<\/a>\n\n\t\t\t\t<\/div>\n\t\t\t\t<\/article>\n\t\t\t\t<\/div>\n\t\t\n\t\t\t\t\t\t<\/div>\n\t\t\t\t<\/div>\n\t\t\t\t<div class=\"elementor-element elementor-element-4e513c9 elementor-widget elementor-widget-heading\" data-id=\"4e513c9\" data-element_type=\"widget\" data-e-type=\"widget\" data-widget_type=\"heading.default\">\n\t\t\t\t<div class=\"elementor-widget-container\">\n\t\t\t\t\t<h4 class=\"elementor-heading-title elementor-size-default\">P\u00e1gina de Facebook <\/h4>\t\t\t\t<\/div>\n\t\t\t\t<\/div>\n\t\t\t\t<div class=\"elementor-element elementor-element-a8ddede elementor-widget elementor-widget-facebook-page\" data-id=\"a8ddede\" data-element_type=\"widget\" data-e-type=\"widget\" data-widget_type=\"facebook-page.default\">\n\t\t\t\t<div class=\"elementor-widget-container\">\n\t\t\t\t\t<div class=\"elementor-facebook-widget fb-page\" data-href=\"https:\/\/www.facebook.com\/Fedlima2018\" data-tabs=\"\" data-height=\"220px\" data-width=\"500px\" data-small-header=\"false\" data-hide-cover=\"false\" data-show-facepile=\"true\" data-hide-cta=\"false\" style=\"min-height: 1px;height:220px\"><\/div>\t\t\t\t<\/div>\n\t\t\t\t<\/div>\n\t\t\t\t<div class=\"elementor-element elementor-element-e5a29a0 elementor-widget elementor-widget-heading\" data-id=\"e5a29a0\" data-element_type=\"widget\" data-e-type=\"widget\" data-widget_type=\"heading.default\">\n\t\t\t\t<div class=\"elementor-widget-container\">\n\t\t\t\t\t<h4 class=\"elementor-heading-title elementor-size-default\">FED NOTICIAS<\/h4>\t\t\t\t<\/div>\n\t\t\t\t<\/div>\n\t\t\t\t<div class=\"elementor-element elementor-element-b16ce9f elementor-widget elementor-widget-video\" data-id=\"b16ce9f\" data-element_type=\"widget\" data-e-type=\"widget\" data-settings=\"{&quot;youtube_url&quot;:&quot;https:\\\/\\\/www.youtube.com\\\/watch?v=uvdDGTt6gPY&amp;t=309s&quot;,&quot;video_type&quot;:&quot;youtube&quot;,&quot;controls&quot;:&quot;yes&quot;}\" data-widget_type=\"video.default\">\n\t\t\t\t<div class=\"elementor-widget-container\">\n\t\t\t\t\t\t\t<div class=\"elementor-wrapper elementor-open-inline\">\n\t\t\t<div class=\"elementor-video\"><\/div>\t\t<\/div>\n\t\t\t\t\t\t<\/div>\n\t\t\t\t<\/div>\n\t\t\t\t<div class=\"elementor-element elementor-element-f4bd294 elementor-widget elementor-widget-video\" data-id=\"f4bd294\" data-element_type=\"widget\" data-e-type=\"widget\" data-settings=\"{&quot;youtube_url&quot;:&quot;https:\\\/\\\/www.youtube.com\\\/watch?v=BrSSGxkkoo8&amp;t=923s&quot;,&quot;video_type&quot;:&quot;youtube&quot;,&quot;controls&quot;:&quot;yes&quot;}\" data-widget_type=\"video.default\">\n\t\t\t\t<div class=\"elementor-widget-container\">\n\t\t\t\t\t\t\t<div class=\"elementor-wrapper elementor-open-inline\">\n\t\t\t<div class=\"elementor-video\"><\/div>\t\t<\/div>\n\t\t\t\t\t\t<\/div>\n\t\t\t\t<\/div>\n\t\t\t\t\t<\/div>\n\t\t<\/div>\n\t\t\t\t\t<\/div>\n\t\t<\/section>\n\t\t\t\t<section class=\"elementor-section elementor-top-section elementor-element elementor-element-1f8b3fe elementor-section-stretched elementor-hidden-mobile_extra elementor-hidden-mobile elementor-section-boxed elementor-section-height-default elementor-section-height-default\" data-id=\"1f8b3fe\" data-element_type=\"section\" data-e-type=\"section\" data-settings=\"{&quot;stretch_section&quot;:&quot;section-stretched&quot;}\">\n\t\t\t\t\t\t\t<div class=\"elementor-background-overlay\"><\/div>\n\t\t\t\t\t\t\t<div class=\"elementor-container elementor-column-gap-default\">\n\t\t\t\t\t<div class=\"elementor-column elementor-col-100 elementor-top-column elementor-element elementor-element-722127c\" data-id=\"722127c\" data-element_type=\"column\" data-e-type=\"column\">\n\t\t\t<div class=\"elementor-widget-wrap elementor-element-populated\">\n\t\t\t\t\t\t<div class=\"elementor-element elementor-element-ecb84b0 elementor-post-navigation-borders-yes elementor-widget elementor-widget-post-navigation\" data-id=\"ecb84b0\" data-element_type=\"widget\" data-e-type=\"widget\" data-widget_type=\"post-navigation.default\">\n\t\t\t\t<div class=\"elementor-widget-container\">\n\t\t\t\t\t\t\t<div class=\"elementor-post-navigation\" role=\"navigation\" aria-label=\"Post Navigation\">\n\t\t\t<div class=\"elementor-post-navigation__prev elementor-post-navigation__link\">\n\t\t\t\t<a href=\"https:\/\/www.fundacioneducacionydesarrollo.org\/en\/1ra-exposicion-de-juguetes-ecologicos-fed-2024\/\" rel=\"prev\"><span class=\"post-navigation__arrow-wrapper post-navigation__arrow-prev\"><i aria-hidden=\"true\" class=\"fas fa-angle-double-left\"><\/i><span class=\"elementor-screen-only\">Prev<\/span><\/span><span class=\"elementor-post-navigation__link__prev\"><span class=\"post-navigation__prev--label\">Anterior<\/span><span class=\"post-navigation__prev--title\">1ra. Exposici\u00f3n de Juguetes Ecol\u00f3gicos FED 2024<\/span><\/span><\/a>\t\t\t<\/div>\n\t\t\t\t\t\t\t<div class=\"elementor-post-navigation__separator-wrapper\">\n\t\t\t\t\t<div class=\"elementor-post-navigation__separator\"><\/div>\n\t\t\t\t<\/div>\n\t\t\t\t\t\t<div class=\"elementor-post-navigation__next elementor-post-navigation__link\">\n\t\t\t\t<a href=\"https:\/\/www.fundacioneducacionydesarrollo.org\/en\/celebramos-el-ano-nuevo-chino\/\" rel=\"next\"><span class=\"elementor-post-navigation__link__next\"><span class=\"post-navigation__next--label\">Siguiente<\/span><span class=\"post-navigation__next--title\">Celebramos el A\u00f1o Nuevo Chino<\/span><\/span><span class=\"post-navigation__arrow-wrapper post-navigation__arrow-next\"><i aria-hidden=\"true\" class=\"fas fa-angle-double-right\"><\/i><span class=\"elementor-screen-only\">Next<\/span><\/span><\/a>\t\t\t<\/div>\n\t\t<\/div>\n\t\t\t\t\t\t<\/div>\n\t\t\t\t<\/div>\n\t\t\t\t\t<\/div>\n\t\t<\/div>\n\t\t\t\t\t<\/div>\n\t\t<\/section>\n\t\t\t\t<section class=\"elementor-section elementor-top-section elementor-element elementor-element-8e79095 elementor-section-full_width elementor-section-stretched elementor-hidden-widescreen elementor-hidden-desktop elementor-hidden-laptop elementor-hidden-tablet_extra elementor-hidden-tablet elementor-section-height-default elementor-section-height-default\" data-id=\"8e79095\" data-element_type=\"section\" data-e-type=\"section\" data-settings=\"{&quot;stretch_section&quot;:&quot;section-stretched&quot;}\">\n\t\t\t\t\t\t<div class=\"elementor-container elementor-column-gap-default\">\n\t\t\t\t\t<div class=\"elementor-column elementor-col-100 elementor-top-column elementor-element elementor-element-1e7e298\" data-id=\"1e7e298\" data-element_type=\"column\" data-e-type=\"column\">\n\t\t\t<div class=\"elementor-widget-wrap elementor-element-populated\">\n\t\t\t\t\t\t<div class=\"elementor-element elementor-element-065bab1 elementor-widget elementor-widget-spacer\" data-id=\"065bab1\" data-element_type=\"widget\" data-e-type=\"widget\" data-widget_type=\"spacer.default\">\n\t\t\t\t<div class=\"elementor-widget-container\">\n\t\t\t\t\t\t\t<div class=\"elementor-spacer\">\n\t\t\t<div class=\"elementor-spacer-inner\"><\/div>\n\t\t<\/div>\n\t\t\t\t\t\t<\/div>\n\t\t\t\t<\/div>\n\t\t\t\t\t<\/div>\n\t\t<\/div>\n\t\t\t\t\t<\/div>\n\t\t<\/section>\n\t\t\t\t<footer class=\"elementor-section elementor-top-section elementor-element elementor-element-f792dc1 elementor-section-height-min-height elementor-section-items-bottom elementor-section-stretched elementor-hidden-mobile_extra elementor-hidden-mobile elementor-section-boxed elementor-section-height-default\" data-id=\"f792dc1\" data-element_type=\"section\" data-e-type=\"section\" data-settings=\"{&quot;background_background&quot;:&quot;classic&quot;,&quot;shape_divider_top&quot;:&quot;book&quot;,&quot;stretch_section&quot;:&quot;section-stretched&quot;,&quot;shape_divider_top_negative&quot;:&quot;yes&quot;}\">\n\t\t\t\t\t\t\t<div class=\"elementor-background-overlay\"><\/div>\n\t\t\t\t\t\t<div class=\"elementor-shape elementor-shape-top\" aria-hidden=\"true\" data-negative=\"true\">\n\t\t\t<svg xmlns=\"http:\/\/www.w3.org\/2000\/svg\" viewBox=\"0 0 1000 100\" preserveAspectRatio=\"none\">\n\t<path class=\"elementor-shape-fill\" d=\"M806,94.7C619.5,90,500,20.3,500,1.7c-1,18.6-117.5,88.3-306,93C92,97.2,0,97.9,0,97.9v-0l0,0v2.3h1000v-2.3 C1000,97.7,920.3,97.6,806,94.7z M350,65.1L350,65.1L350,65.1L350,65.1z\"\/>\n<\/svg>\n\t\t<\/div>\n\t\t\t\t\t<div class=\"elementor-container elementor-column-gap-default\">\n\t\t\t\t\t<div class=\"elementor-column elementor-col-33 elementor-top-column elementor-element elementor-element-7e4acfe\" data-id=\"7e4acfe\" data-element_type=\"column\" data-e-type=\"column\">\n\t\t\t<div class=\"elementor-widget-wrap elementor-element-populated\">\n\t\t\t\t\t\t<div class=\"elementor-element elementor-element-bc821e6 elementor-widget elementor-widget-spacer\" data-id=\"bc821e6\" data-element_type=\"widget\" data-e-type=\"widget\" data-widget_type=\"spacer.default\">\n\t\t\t\t<div class=\"elementor-widget-container\">\n\t\t\t\t\t\t\t<div class=\"elementor-spacer\">\n\t\t\t<div class=\"elementor-spacer-inner\"><\/div>\n\t\t<\/div>\n\t\t\t\t\t\t<\/div>\n\t\t\t\t<\/div>\n\t\t\t\t<div class=\"elementor-element elementor-element-8c0cac9 elementor-widget elementor-widget-spacer\" data-id=\"8c0cac9\" data-element_type=\"widget\" data-e-type=\"widget\" data-widget_type=\"spacer.default\">\n\t\t\t\t<div class=\"elementor-widget-container\">\n\t\t\t\t\t\t\t<div class=\"elementor-spacer\">\n\t\t\t<div class=\"elementor-spacer-inner\"><\/div>\n\t\t<\/div>\n\t\t\t\t\t\t<\/div>\n\t\t\t\t<\/div>\n\t\t\t\t<div class=\"elementor-element elementor-element-458f0ee elementor-invisible elementor-widget elementor-widget-image\" data-id=\"458f0ee\" data-element_type=\"widget\" data-e-type=\"widget\" data-settings=\"{&quot;_animation&quot;:&quot;fadeIn&quot;}\" data-widget_type=\"image.default\">\n\t\t\t\t<div class=\"elementor-widget-container\">\n\t\t\t\t\t\t\t\t\t\t\t\t\t\t\t\t<a href=\"http:\/\/www.fundacioneducacionydesarrollo.org\/\">\n\t\t\t\t\t\t\t<img loading=\"lazy\" decoding=\"async\" width=\"1712\" height=\"1121\" src=\"https:\/\/www.fundacioneducacionydesarrollo.org\/wp-content\/uploads\/2023\/12\/Logo-blanco-original-FED.png\" class=\"elementor-animation-pulse attachment-full size-full wp-image-14808\" alt=\"Logo Fundaci\u00f3n Educaci\u00f3n y Desarrollo\" srcset=\"https:\/\/www.fundacioneducacionydesarrollo.org\/wp-content\/uploads\/2023\/12\/Logo-blanco-original-FED.png 1712w, https:\/\/www.fundacioneducacionydesarrollo.org\/wp-content\/uploads\/2023\/12\/Logo-blanco-original-FED-300x196.png 300w, https:\/\/www.fundacioneducacionydesarrollo.org\/wp-content\/uploads\/2023\/12\/Logo-blanco-original-FED-1024x671.png 1024w, https:\/\/www.fundacioneducacionydesarrollo.org\/wp-content\/uploads\/2023\/12\/Logo-blanco-original-FED-768x503.png 768w, https:\/\/www.fundacioneducacionydesarrollo.org\/wp-content\/uploads\/2023\/12\/Logo-blanco-original-FED-1536x1006.png 1536w, https:\/\/www.fundacioneducacionydesarrollo.org\/wp-content\/uploads\/2023\/12\/Logo-blanco-original-FED-18x12.png 18w\" sizes=\"(max-width: 1712px) 100vw, 1712px\" \/>\t\t\t\t\t\t\t\t<\/a>\n\t\t\t\t\t\t\t\t\t\t\t\t\t\t\t<\/div>\n\t\t\t\t<\/div>\n\t\t\t\t<div class=\"elementor-element elementor-element-825e769 e-grid-align-mobile-left elementor-shape-rounded elementor-grid-0 e-grid-align-center elementor-widget elementor-widget-social-icons\" data-id=\"825e769\" data-element_type=\"widget\" data-e-type=\"widget\" data-widget_type=\"social-icons.default\">\n\t\t\t\t<div class=\"elementor-widget-container\">\n\t\t\t\t\t\t\t<div class=\"elementor-social-icons-wrapper elementor-grid\" role=\"list\">\n\t\t\t\t\t\t\t<span class=\"elementor-grid-item\" role=\"listitem\">\n\t\t\t\t\t<a class=\"elementor-icon elementor-social-icon elementor-social-icon-instagram elementor-repeater-item-0e260c9\" href=\"https:\/\/instagram.com\/fundeducacionydesarrollo?utm_medium=copy_link\" target=\"_blank\">\n\t\t\t\t\t\t<span class=\"elementor-screen-only\">Instagram<\/span>\n\t\t\t\t\t\t<i aria-hidden=\"true\" class=\"fab fa-instagram\"><\/i>\t\t\t\t\t<\/a>\n\t\t\t\t<\/span>\n\t\t\t\t\t\t\t<span class=\"elementor-grid-item\" role=\"listitem\">\n\t\t\t\t\t<a class=\"elementor-icon elementor-social-icon elementor-social-icon-youtube elementor-repeater-item-dbaeb71\" href=\"https:\/\/www.youtube.com\/channel\/UCMVtVMkZAYjDVMQ2EOwLFQw\" target=\"_blank\">\n\t\t\t\t\t\t<span class=\"elementor-screen-only\">Youtube<\/span>\n\t\t\t\t\t\t<i aria-hidden=\"true\" class=\"fab fa-youtube\"><\/i>\t\t\t\t\t<\/a>\n\t\t\t\t<\/span>\n\t\t\t\t\t\t\t<span class=\"elementor-grid-item\" role=\"listitem\">\n\t\t\t\t\t<a class=\"elementor-icon elementor-social-icon elementor-social-icon-envelope elementor-repeater-item-d2d5c50\" href=\"mailto:Fundacioneducacionydesarrollo@gmail.com\" target=\"_blank\">\n\t\t\t\t\t\t<span class=\"elementor-screen-only\">Envelope<\/span>\n\t\t\t\t\t\t<i aria-hidden=\"true\" class=\"fas fa-envelope\"><\/i>\t\t\t\t\t<\/a>\n\t\t\t\t<\/span>\n\t\t\t\t\t\t\t<span class=\"elementor-grid-item\" role=\"listitem\">\n\t\t\t\t\t<a class=\"elementor-icon elementor-social-icon elementor-social-icon-facebook elementor-repeater-item-0267196\" href=\"https:\/\/www.facebook.com\/feducaydesarrol\/\" target=\"_blank\">\n\t\t\t\t\t\t<span class=\"elementor-screen-only\">Facebook<\/span>\n\t\t\t\t\t\t<i aria-hidden=\"true\" class=\"fab fa-facebook\"><\/i>\t\t\t\t\t<\/a>\n\t\t\t\t<\/span>\n\t\t\t\t\t\t\t<span class=\"elementor-grid-item\" role=\"listitem\">\n\t\t\t\t\t<a class=\"elementor-icon elementor-social-icon elementor-social-icon-twitter elementor-repeater-item-dc10550\" href=\"https:\/\/twitter.com\/feducaydesarrol\" target=\"_blank\">\n\t\t\t\t\t\t<span class=\"elementor-screen-only\">Twitter<\/span>\n\t\t\t\t\t\t<i aria-hidden=\"true\" class=\"fab fa-twitter\"><\/i>\t\t\t\t\t<\/a>\n\t\t\t\t<\/span>\n\t\t\t\t\t<\/div>\n\t\t\t\t\t\t<\/div>\n\t\t\t\t<\/div>\n\t\t\t\t\t<\/div>\n\t\t<\/div>\n\t\t\t\t<div class=\"elementor-column elementor-col-33 elementor-top-column elementor-element elementor-element-e4daec4\" data-id=\"e4daec4\" data-element_type=\"column\" data-e-type=\"column\">\n\t\t\t<div class=\"elementor-widget-wrap elementor-element-populated\">\n\t\t\t\t\t\t<div class=\"elementor-element elementor-element-cfdc195 elementor-widget elementor-widget-heading\" data-id=\"cfdc195\" data-element_type=\"widget\" data-e-type=\"widget\" data-widget_type=\"heading.default\">\n\t\t\t\t<div class=\"elementor-widget-container\">\n\t\t\t\t\t<h4 class=\"elementor-heading-title elementor-size-default\">Con\u00f3cenos M\u00e1s<\/h4>\t\t\t\t<\/div>\n\t\t\t\t<\/div>\n\t\t\t\t<section class=\"elementor-section elementor-inner-section elementor-element elementor-element-ede34d8 elementor-section-boxed elementor-section-height-default elementor-section-height-default\" data-id=\"ede34d8\" data-element_type=\"section\" data-e-type=\"section\">\n\t\t\t\t\t\t<div class=\"elementor-container elementor-column-gap-no\">\n\t\t\t\t\t<div class=\"elementor-column elementor-col-50 elementor-inner-column elementor-element elementor-element-9bfbcf7\" data-id=\"9bfbcf7\" data-element_type=\"column\" data-e-type=\"column\">\n\t\t\t<div class=\"elementor-widget-wrap elementor-element-populated\">\n\t\t\t\t\t\t<div class=\"elementor-element elementor-element-27bb12a elementor-align-start elementor-icon-list--layout-traditional elementor-list-item-link-full_width elementor-widget elementor-widget-icon-list\" data-id=\"27bb12a\" data-element_type=\"widget\" data-e-type=\"widget\" data-widget_type=\"icon-list.default\">\n\t\t\t\t<div class=\"elementor-widget-container\">\n\t\t\t\t\t\t\t<ul class=\"elementor-icon-list-items\">\n\t\t\t\t\t\t\t<li class=\"elementor-icon-list-item\">\n\t\t\t\t\t\t\t\t\t\t\t<a href=\"http:\/\/www.fundacioneducacionydesarrollo.org\/patronato\/\">\n\n\t\t\t\t\t\t\t\t\t\t\t\t<span class=\"elementor-icon-list-icon\">\n\t\t\t\t\t\t\t<i aria-hidden=\"true\" class=\"fas fa-caret-right\"><\/i>\t\t\t\t\t\t<\/span>\n\t\t\t\t\t\t\t\t\t\t<span class=\"elementor-icon-list-text\">Patronato<\/span>\n\t\t\t\t\t\t\t\t\t\t\t<\/a>\n\t\t\t\t\t\t\t\t\t<\/li>\n\t\t\t\t\t\t\t\t<li class=\"elementor-icon-list-item\">\n\t\t\t\t\t\t\t\t\t\t\t<a href=\"https:\/\/www.fundacioneducacionydesarrollo.org\/elecciones-2023\/\">\n\n\t\t\t\t\t\t\t\t\t\t\t\t<span class=\"elementor-icon-list-icon\">\n\t\t\t\t\t\t\t<i aria-hidden=\"true\" class=\"fas fa-caret-right\"><\/i>\t\t\t\t\t\t<\/span>\n\t\t\t\t\t\t\t\t\t\t<span class=\"elementor-icon-list-text\">Elecciones 2023<\/span>\n\t\t\t\t\t\t\t\t\t\t\t<\/a>\n\t\t\t\t\t\t\t\t\t<\/li>\n\t\t\t\t\t\t\t\t<li class=\"elementor-icon-list-item\">\n\t\t\t\t\t\t\t\t\t\t\t<a href=\"https:\/\/www.fundacioneducacionydesarrollo.org\/memorias\/\">\n\n\t\t\t\t\t\t\t\t\t\t\t\t<span class=\"elementor-icon-list-icon\">\n\t\t\t\t\t\t\t<i aria-hidden=\"true\" class=\"fas fa-caret-right\"><\/i>\t\t\t\t\t\t<\/span>\n\t\t\t\t\t\t\t\t\t\t<span class=\"elementor-icon-list-text\">Memorias<\/span>\n\t\t\t\t\t\t\t\t\t\t\t<\/a>\n\t\t\t\t\t\t\t\t\t<\/li>\n\t\t\t\t\t\t\t\t<li class=\"elementor-icon-list-item\">\n\t\t\t\t\t\t\t\t\t\t\t<a href=\"http:\/\/www.fundacioneducacionydesarrollo.org\/pintura\/\">\n\n\t\t\t\t\t\t\t\t\t\t\t\t<span class=\"elementor-icon-list-icon\">\n\t\t\t\t\t\t\t<i aria-hidden=\"true\" class=\"fas fa-caret-right\"><\/i>\t\t\t\t\t\t<\/span>\n\t\t\t\t\t\t\t\t\t\t<span class=\"elementor-icon-list-text\">Galer\u00eda de Pinturas<\/span>\n\t\t\t\t\t\t\t\t\t\t\t<\/a>\n\t\t\t\t\t\t\t\t\t<\/li>\n\t\t\t\t\t\t<\/ul>\n\t\t\t\t\t\t<\/div>\n\t\t\t\t<\/div>\n\t\t\t\t\t<\/div>\n\t\t<\/div>\n\t\t\t\t<div class=\"elementor-column elementor-col-50 elementor-inner-column elementor-element elementor-element-b92c3e0\" data-id=\"b92c3e0\" data-element_type=\"column\" data-e-type=\"column\">\n\t\t\t<div class=\"elementor-widget-wrap elementor-element-populated\">\n\t\t\t\t\t\t<div class=\"elementor-element elementor-element-569f819 elementor-align-start elementor-icon-list--layout-traditional elementor-list-item-link-full_width elementor-widget elementor-widget-icon-list\" data-id=\"569f819\" data-element_type=\"widget\" data-e-type=\"widget\" data-widget_type=\"icon-list.default\">\n\t\t\t\t<div class=\"elementor-widget-container\">\n\t\t\t\t\t\t\t<ul class=\"elementor-icon-list-items\">\n\t\t\t\t\t\t\t<li class=\"elementor-icon-list-item\">\n\t\t\t\t\t\t\t\t\t\t\t<a href=\"https:\/\/www.fundacioneducacionydesarrollo.org\/hazte-socio\/\">\n\n\t\t\t\t\t\t\t\t\t\t\t\t<span class=\"elementor-icon-list-icon\">\n\t\t\t\t\t\t\t<i aria-hidden=\"true\" class=\"fas fa-caret-right\"><\/i>\t\t\t\t\t\t<\/span>\n\t\t\t\t\t\t\t\t\t\t<span class=\"elementor-icon-list-text\">Hazte Socio\/a<\/span>\n\t\t\t\t\t\t\t\t\t\t\t<\/a>\n\t\t\t\t\t\t\t\t\t<\/li>\n\t\t\t\t\t\t\t\t<li class=\"elementor-icon-list-item\">\n\t\t\t\t\t\t\t\t\t\t\t<a href=\"https:\/\/www.fundacioneducacionydesarrollo.org\/inicio\/quienes-somos\/#cuentas\">\n\n\t\t\t\t\t\t\t\t\t\t\t\t<span class=\"elementor-icon-list-icon\">\n\t\t\t\t\t\t\t<i aria-hidden=\"true\" class=\"fas fa-caret-right\"><\/i>\t\t\t\t\t\t<\/span>\n\t\t\t\t\t\t\t\t\t\t<span class=\"elementor-icon-list-text\">Cuentas FED<\/span>\n\t\t\t\t\t\t\t\t\t\t\t<\/a>\n\t\t\t\t\t\t\t\t\t<\/li>\n\t\t\t\t\t\t\t\t<li class=\"elementor-icon-list-item\">\n\t\t\t\t\t\t\t\t\t\t\t<a href=\"https:\/\/www.fundacioneducacionydesarrollo.org\/campana-un-juguete-una-ilusion-2019\/\">\n\n\t\t\t\t\t\t\t\t\t\t\t\t<span class=\"elementor-icon-list-icon\">\n\t\t\t\t\t\t\t<i aria-hidden=\"true\" class=\"fas fa-caret-right\"><\/i>\t\t\t\t\t\t<\/span>\n\t\t\t\t\t\t\t\t\t\t<span class=\"elementor-icon-list-text\">Un Juguete una Ilusi\u00f3n<\/span>\n\t\t\t\t\t\t\t\t\t\t\t<\/a>\n\t\t\t\t\t\t\t\t\t<\/li>\n\t\t\t\t\t\t\t\t<li class=\"elementor-icon-list-item\">\n\t\t\t\t\t\t\t\t\t\t\t<a href=\"http:\/\/www.fundacioneducacionydesarrollo.org\/28a-conferencia-mundial-del-iccp-10-12-de-junio-de-2020-madrid-espana\/\">\n\n\t\t\t\t\t\t\t\t\t\t\t\t<span class=\"elementor-icon-list-icon\">\n\t\t\t\t\t\t\t<i aria-hidden=\"true\" class=\"fas fa-caret-right\"><\/i>\t\t\t\t\t\t<\/span>\n\t\t\t\t\t\t\t\t\t\t<span class=\"elementor-icon-list-text\">Conferencia mundial del Juego<\/span>\n\t\t\t\t\t\t\t\t\t\t\t<\/a>\n\t\t\t\t\t\t\t\t\t<\/li>\n\t\t\t\t\t\t<\/ul>\n\t\t\t\t\t\t<\/div>\n\t\t\t\t<\/div>\n\t\t\t\t\t<\/div>\n\t\t<\/div>\n\t\t\t\t\t<\/div>\n\t\t<\/section>\n\t\t\t\t\t<\/div>\n\t\t<\/div>\n\t\t\t\t<div class=\"elementor-column elementor-col-33 elementor-top-column elementor-element elementor-element-db7f726\" data-id=\"db7f726\" data-element_type=\"column\" data-e-type=\"column\">\n\t\t\t<div class=\"elementor-widget-wrap elementor-element-populated\">\n\t\t\t\t\t\t<div class=\"elementor-element elementor-element-e4f20cd elementor-widget elementor-widget-heading\" data-id=\"e4f20cd\" data-element_type=\"widget\" data-e-type=\"widget\" data-widget_type=\"heading.default\">\n\t\t\t\t<div class=\"elementor-widget-container\">\n\t\t\t\t\t<h4 class=\"elementor-heading-title elementor-size-default\">Adquiere el Libro<\/h4>\t\t\t\t<\/div>\n\t\t\t\t<\/div>\n\t\t\t\t<div class=\"elementor-element elementor-element-3faeb20 elementor-widget elementor-widget-image\" data-id=\"3faeb20\" data-element_type=\"widget\" data-e-type=\"widget\" data-widget_type=\"image.default\">\n\t\t\t\t<div class=\"elementor-widget-container\">\n\t\t\t\t\t\t\t\t\t\t\t\t\t\t\t<img loading=\"lazy\" decoding=\"async\" width=\"1536\" height=\"1280\" src=\"https:\/\/www.fundacioneducacionydesarrollo.org\/wp-content\/uploads\/2022\/02\/abejasinfondo-1536x1280.png\" class=\"attachment-1536x1536 size-1536x1536 wp-image-15237\" alt=\"\" \/>\t\t\t\t\t\t\t\t\t\t\t\t\t\t\t<\/div>\n\t\t\t\t<\/div>\n\t\t\t\t<div class=\"elementor-element elementor-element-6a1f736 elementor-widget elementor-widget-text-editor\" data-id=\"6a1f736\" data-element_type=\"widget\" data-e-type=\"widget\" data-widget_type=\"text-editor.default\">\n\t\t\t\t<div class=\"elementor-widget-container\">\n\t\t\t\t\t\t\t\t\t<p>Por la compra del libro est\u00e1s donando el 5% a nuestra Fundaci\u00f3n, colaborando con el proyecto ludotecas.<\/p>\t\t\t\t\t\t\t\t<\/div>\n\t\t\t\t<\/div>\n\t\t\t\t<div class=\"elementor-element elementor-element-0f159eb elementor-align-left elementor-widget elementor-widget-button\" data-id=\"0f159eb\" data-element_type=\"widget\" data-e-type=\"widget\" data-widget_type=\"button.default\">\n\t\t\t\t<div class=\"elementor-widget-container\">\n\t\t\t\t\t\t\t\t\t<div class=\"elementor-button-wrapper\">\n\t\t\t\t\t<a class=\"elementor-button elementor-button-link elementor-size-sm\" href=\"https:\/\/amzn.eu\/d\/6ByARqK\">\n\t\t\t\t\t\t<span class=\"elementor-button-content-wrapper\">\n\t\t\t\t\t\t\t\t\t<span class=\"elementor-button-text\">\u00a1Comprar aqu\u00ed!<\/span>\n\t\t\t\t\t<\/span>\n\t\t\t\t\t<\/a>\n\t\t\t\t<\/div>\n\t\t\t\t\t\t\t\t<\/div>\n\t\t\t\t<\/div>\n\t\t\t\t\t<\/div>\n\t\t<\/div>\n\t\t\t\t\t<\/div>\n\t\t<\/footer>\n\t\t\t\t<footer class=\"elementor-section elementor-top-section elementor-element elementor-element-529a8e4 elementor-section-height-min-height elementor-section-content-middle elementor-section-stretched elementor-hidden-tablet elementor-hidden-mobile elementor-section-boxed elementor-section-height-default elementor-section-items-middle\" data-id=\"529a8e4\" data-element_type=\"section\" data-e-type=\"section\" data-settings=\"{&quot;background_background&quot;:&quot;classic&quot;,&quot;stretch_section&quot;:&quot;section-stretched&quot;}\">\n\t\t\t\t\t\t<div class=\"elementor-container elementor-column-gap-default\">\n\t\t\t\t\t<div class=\"elementor-column elementor-col-50 elementor-top-column elementor-element elementor-element-2527ae3\" data-id=\"2527ae3\" data-element_type=\"column\" data-e-type=\"column\">\n\t\t\t<div class=\"elementor-widget-wrap elementor-element-populated\">\n\t\t\t\t\t\t<div class=\"elementor-element elementor-element-8aa653f elementor-widget elementor-widget-heading\" data-id=\"8aa653f\" data-element_type=\"widget\" data-e-type=\"widget\" data-widget_type=\"heading.default\">\n\t\t\t\t<div class=\"elementor-widget-container\">\n\t\t\t\t\t<p class=\"elementor-heading-title elementor-size-default\">\u00a9 Copyright  2022 | Fundaci\u00f3n Educaci\u00f3n y Desarrollo<\/p>\t\t\t\t<\/div>\n\t\t\t\t<\/div>\n\t\t\t\t\t<\/div>\n\t\t<\/div>\n\t\t\t\t<div class=\"elementor-column elementor-col-50 elementor-top-column elementor-element elementor-element-7a3339a\" data-id=\"7a3339a\" data-element_type=\"column\" data-e-type=\"column\">\n\t\t\t<div class=\"elementor-widget-wrap elementor-element-populated\">\n\t\t\t\t\t\t<div class=\"elementor-element elementor-element-2ed16fb elementor-align-left elementor-tablet-align-right elementor-invisible elementor-widget elementor-widget-button\" data-id=\"2ed16fb\" data-element_type=\"widget\" data-e-type=\"widget\" data-settings=\"{&quot;_animation&quot;:&quot;fadeIn&quot;}\" data-widget_type=\"button.default\">\n\t\t\t\t<div class=\"elementor-widget-container\">\n\t\t\t\t\t\t\t\t\t<div class=\"elementor-button-wrapper\">\n\t\t\t\t\t<a class=\"elementor-button elementor-button-link elementor-size-xs\" href=\"https:\/\/www.fundacioneducacionydesarrollo.org\/cajas-nidos\/#nidito\" id=\"segunda\">\n\t\t\t\t\t\t<span class=\"elementor-button-content-wrapper\">\n\t\t\t\t\t\t<span class=\"elementor-button-icon\">\n\t\t\t\t<i aria-hidden=\"true\" class=\"fas fa-angle-double-up\"><\/i>\t\t\t<\/span>\n\t\t\t\t\t\t\t\t<\/span>\n\t\t\t\t\t<\/a>\n\t\t\t\t<\/div>\n\t\t\t\t\t\t\t\t<\/div>\n\t\t\t\t<\/div>\n\t\t\t\t\t<\/div>\n\t\t<\/div>\n\t\t\t\t\t<\/div>\n\t\t<\/footer>\n\t\t\t\t<section class=\"elementor-section elementor-top-section elementor-element elementor-element-264dd69 elementor-section-stretched elementor-hidden-widescreen elementor-hidden-desktop elementor-hidden-laptop elementor-hidden-tablet_extra elementor-hidden-tablet elementor-section-boxed elementor-section-height-default elementor-section-height-default\" data-id=\"264dd69\" data-element_type=\"section\" data-e-type=\"section\" data-settings=\"{&quot;stretch_section&quot;:&quot;section-stretched&quot;,&quot;background_background&quot;:&quot;classic&quot;,&quot;shape_divider_top&quot;:&quot;wave-brush&quot;}\">\n\t\t\t\t\t<div class=\"elementor-shape elementor-shape-top\" aria-hidden=\"true\" data-negative=\"false\">\n\t\t\t<svg xmlns=\"http:\/\/www.w3.org\/2000\/svg\" viewBox=\"0 0 283.5 27.8\" preserveAspectRatio=\"none\">\n\t<path class=\"elementor-shape-fill\" d=\"M283.5,9.7c0,0-7.3,4.3-14,4.6c-6.8,0.3-12.6,0-20.9-1.5c-11.3-2-33.1-10.1-44.7-5.7\ts-12.1,4.6-18,7.4c-6.6,3.2-20,9.6-36.6,9.3C131.6,23.5,99.5,7.2,86.3,8c-1.4,0.1-6.6,0.8-10.5,2c-3.8,1.2-9.4,3.8-17,4.7\tc-3.2,0.4-8.3,1.1-14.2,0.9c-1.5-0.1-6.3-0.4-12-1.6c-5.7-1.2-11-3.1-15.8-3.7C6.5,9.2,0,10.8,0,10.8V0h283.5V9.7z M260.8,11.3\tc-0.7-1-2-0.4-4.3-0.4c-2.3,0-6.1-1.2-5.8-1.1c0.3,0.1,3.1,1.5,6,1.9C259.7,12.2,261.4,12.3,260.8,11.3z M242.4,8.6\tc0,0-2.4-0.2-5.6-0.9c-3.2-0.8-10.3-2.8-15.1-3.5c-8.2-1.1-15.8,0-15.1,0.1c0.8,0.1,9.6-0.6,17.6,1.1c3.3,0.7,9.3,2.2,12.4,2.7\tC239.9,8.7,242.4,8.6,242.4,8.6z M185.2,8.5c1.7-0.7-13.3,4.7-18.5,6.1c-2.1,0.6-6.2,1.6-10,2c-3.9,0.4-8.9,0.4-8.8,0.5\tc0,0.2,5.8,0.8,11.2,0c5.4-0.8,5.2-1.1,7.6-1.6C170.5,14.7,183.5,9.2,185.2,8.5z M199.1,6.9c0.2,0-0.8-0.4-4.8,1.1\tc-4,1.5-6.7,3.5-6.9,3.7c-0.2,0.1,3.5-1.8,6.6-3C197,7.5,199,6.9,199.1,6.9z M283,6c-0.1,0.1-1.9,1.1-4.8,2.5s-6.9,2.8-6.7,2.7\tc0.2,0,3.5-0.6,7.4-2.5C282.8,6.8,283.1,5.9,283,6z M31.3,11.6c0.1-0.2-1.9-0.2-4.5-1.2s-5.4-1.6-7.8-2C15,7.6,7.3,8.5,7.7,8.6\tC8,8.7,15.9,8.3,20.2,9.3c2.2,0.5,2.4,0.5,5.7,1.6S31.2,11.9,31.3,11.6z M73,9.2c0.4-0.1,3.5-1.6,8.4-2.6c4.9-1.1,8.9-0.5,8.9-0.8\tc0-0.3-1-0.9-6.2-0.3S72.6,9.3,73,9.2z M71.6,6.7C71.8,6.8,75,5.4,77.3,5c2.3-0.3,1.9-0.5,1.9-0.6c0-0.1-1.1-0.2-2.7,0.2\tC74.8,5.1,71.4,6.6,71.6,6.7z M93.6,4.4c0.1,0.2,3.5,0.8,5.6,1.8c2.1,1,1.8,0.6,1.9,0.5c0.1-0.1-0.8-0.8-2.4-1.3\tC97.1,4.8,93.5,4.2,93.6,4.4z M65.4,11.1c-0.1,0.3,0.3,0.5,1.9-0.2s2.6-1.3,2.2-1.2s-0.9,0.4-2.5,0.8C65.3,10.9,65.5,10.8,65.4,11.1\tz M34.5,12.4c-0.2,0,2.1,0.8,3.3,0.9c1.2,0.1,2,0.1,2-0.2c0-0.3-0.1-0.5-1.6-0.4C36.6,12.8,34.7,12.4,34.5,12.4z M152.2,21.1\tc-0.1,0.1-2.4-0.3-7.5-0.3c-5,0-13.6-2.4-17.2-3.5c-3.6-1.1,10,3.9,16.5,4.1C150.5,21.6,152.3,21,152.2,21.1z\"\/>\n\t<path class=\"elementor-shape-fill\" d=\"M269.6,18c-0.1-0.1-4.6,0.3-7.2,0c-7.3-0.7-17-3.2-16.6-2.9c0.4,0.3,13.7,3.1,17,3.3\tC267.7,18.8,269.7,18,269.6,18z\"\/>\n\t<path class=\"elementor-shape-fill\" d=\"M227.4,9.8c-0.2-0.1-4.5-1-9.5-1.2c-5-0.2-12.7,0.6-12.3,0.5c0.3-0.1,5.9-1.8,13.3-1.2\tS227.6,9.9,227.4,9.8z\"\/>\n\t<path class=\"elementor-shape-fill\" d=\"M204.5,13.4c-0.1-0.1,2-1,3.2-1.1c1.2-0.1,2,0,2,0.3c0,0.3-0.1,0.5-1.6,0.4\tC206.4,12.9,204.6,13.5,204.5,13.4z\"\/>\n\t<path class=\"elementor-shape-fill\" d=\"M201,10.6c0-0.1-4.4,1.2-6.3,2.2c-1.9,0.9-6.2,3.1-6.1,3.1c0.1,0.1,4.2-1.6,6.3-2.6\tS201,10.7,201,10.6z\"\/>\n\t<path class=\"elementor-shape-fill\" d=\"M154.5,26.7c-0.1-0.1-4.6,0.3-7.2,0c-7.3-0.7-17-3.2-16.6-2.9c0.4,0.3,13.7,3.1,17,3.3\tC152.6,27.5,154.6,26.8,154.5,26.7z\"\/>\n\t<path class=\"elementor-shape-fill\" d=\"M41.9,19.3c0,0,1.2-0.3,2.9-0.1c1.7,0.2,5.8,0.9,8.2,0.7c4.2-0.4,7.4-2.7,7-2.6\tc-0.4,0-4.3,2.2-8.6,1.9c-1.8-0.1-5.1-0.5-6.7-0.4S41.9,19.3,41.9,19.3z\"\/>\n\t<path class=\"elementor-shape-fill\" d=\"M75.5,12.6c0.2,0.1,2-0.8,4.3-1.1c2.3-0.2,2.1-0.3,2.1-0.5c0-0.1-1.8-0.4-3.4,0\tC76.9,11.5,75.3,12.5,75.5,12.6z\"\/>\n\t<path class=\"elementor-shape-fill\" d=\"M15.6,13.2c0-0.1,4.3,0,6.7,0.5c2.4,0.5,5,1.9,5,2c0,0.1-2.7-0.8-5.1-1.4\tC19.9,13.7,15.7,13.3,15.6,13.2z\"\/>\n<\/svg>\t\t<\/div>\n\t\t\t\t\t<div class=\"elementor-container elementor-column-gap-default\">\n\t\t\t\t\t<div class=\"elementor-column elementor-col-100 elementor-top-column elementor-element elementor-element-cecd11a\" data-id=\"cecd11a\" data-element_type=\"column\" data-e-type=\"column\">\n\t\t\t<div class=\"elementor-widget-wrap elementor-element-populated\">\n\t\t\t\t\t\t<div class=\"elementor-element elementor-element-a055ce9 elementor-widget elementor-widget-spacer\" data-id=\"a055ce9\" data-element_type=\"widget\" data-e-type=\"widget\" data-widget_type=\"spacer.default\">\n\t\t\t\t<div class=\"elementor-widget-container\">\n\t\t\t\t\t\t\t<div class=\"elementor-spacer\">\n\t\t\t<div class=\"elementor-spacer-inner\"><\/div>\n\t\t<\/div>\n\t\t\t\t\t\t<\/div>\n\t\t\t\t<\/div>\n\t\t\t\t<div class=\"elementor-element elementor-element-013636d elementor-hidden-widescreen elementor-hidden-desktop elementor-hidden-laptop elementor-hidden-tablet_extra elementor-hidden-tablet elementor-widget elementor-widget-spacer\" data-id=\"013636d\" data-element_type=\"widget\" data-e-type=\"widget\" data-widget_type=\"spacer.default\">\n\t\t\t\t<div class=\"elementor-widget-container\">\n\t\t\t\t\t\t\t<div class=\"elementor-spacer\">\n\t\t\t<div class=\"elementor-spacer-inner\"><\/div>\n\t\t<\/div>\n\t\t\t\t\t\t<\/div>\n\t\t\t\t<\/div>\n\t\t\t\t<div class=\"elementor-element elementor-element-88155d4 elementor-widget elementor-widget-image\" data-id=\"88155d4\" data-element_type=\"widget\" data-e-type=\"widget\" data-widget_type=\"image.default\">\n\t\t\t\t<div class=\"elementor-widget-container\">\n\t\t\t\t\t\t\t\t\t\t\t\t\t\t\t<img loading=\"lazy\" decoding=\"async\" width=\"500\" height=\"500\" src=\"https:\/\/www.fundacioneducacionydesarrollo.org\/wp-content\/uploads\/2022\/03\/blanco-1.png\" class=\"attachment-large size-large wp-image-8975\" alt=\"Logo FED\" srcset=\"https:\/\/www.fundacioneducacionydesarrollo.org\/wp-content\/uploads\/2022\/03\/blanco-1.png 500w, https:\/\/www.fundacioneducacionydesarrollo.org\/wp-content\/uploads\/2022\/03\/blanco-1-300x300.png 300w, https:\/\/www.fundacioneducacionydesarrollo.org\/wp-content\/uploads\/2022\/03\/blanco-1-150x150.png 150w, https:\/\/www.fundacioneducacionydesarrollo.org\/wp-content\/uploads\/2022\/03\/blanco-1-12x12.png 12w\" sizes=\"(max-width: 500px) 100vw, 500px\" \/>\t\t\t\t\t\t\t\t\t\t\t\t\t\t\t<\/div>\n\t\t\t\t<\/div>\n\t\t\t\t<div class=\"elementor-element elementor-element-583d2ac elementor-widget elementor-widget-heading\" data-id=\"583d2ac\" data-element_type=\"widget\" data-e-type=\"widget\" data-widget_type=\"heading.default\">\n\t\t\t\t<div class=\"elementor-widget-container\">\n\t\t\t\t\t<h2 class=\"elementor-heading-title elementor-size-default\">Con\u00f3cenos:<\/h2>\t\t\t\t<\/div>\n\t\t\t\t<\/div>\n\t\t\t\t<div class=\"elementor-element elementor-element-7a53e75 elementor-widget elementor-widget-text-editor\" data-id=\"7a53e75\" data-element_type=\"widget\" data-e-type=\"widget\" data-widget_type=\"text-editor.default\">\n\t\t\t\t<div class=\"elementor-widget-container\">\n\t\t\t\t\t\t\t\t\t<p>Fue constituida en Madrid el 8 de febrero de 1994 e inscrita en el registro de fundaciones del Ministerio de Educaci\u00f3n con el N\u00b0 247 por orden ministerial, el 6 de abril del mismo a\u00f1o se publica en el bolet\u00edn del estado.<\/p>\t\t\t\t\t\t\t\t<\/div>\n\t\t\t\t<\/div>\n\t\t\t\t<div class=\"elementor-element elementor-element-b14bcb2 elementor-widget elementor-widget-heading\" data-id=\"b14bcb2\" data-element_type=\"widget\" data-e-type=\"widget\" data-widget_type=\"heading.default\">\n\t\t\t\t<div class=\"elementor-widget-container\">\n\t\t\t\t\t<h2 class=\"elementor-heading-title elementor-size-default\">Lo ultimo:<\/h2>\t\t\t\t<\/div>\n\t\t\t\t<\/div>\n\t\t\t\t<div class=\"elementor-element elementor-element-6b166b4 elementor-posts--align-center elementor-grid-3 elementor-grid-tablet-2 elementor-grid-mobile-1 elementor-posts--thumbnail-top elementor-widget elementor-widget-posts\" data-id=\"6b166b4\" data-element_type=\"widget\" data-e-type=\"widget\" data-settings=\"{&quot;classic_columns&quot;:&quot;3&quot;,&quot;classic_columns_tablet&quot;:&quot;2&quot;,&quot;classic_columns_mobile&quot;:&quot;1&quot;,&quot;classic_row_gap&quot;:{&quot;unit&quot;:&quot;px&quot;,&quot;size&quot;:35,&quot;sizes&quot;:[]},&quot;classic_row_gap_widescreen&quot;:{&quot;unit&quot;:&quot;px&quot;,&quot;size&quot;:&quot;&quot;,&quot;sizes&quot;:[]},&quot;classic_row_gap_laptop&quot;:{&quot;unit&quot;:&quot;px&quot;,&quot;size&quot;:&quot;&quot;,&quot;sizes&quot;:[]},&quot;classic_row_gap_tablet_extra&quot;:{&quot;unit&quot;:&quot;px&quot;,&quot;size&quot;:&quot;&quot;,&quot;sizes&quot;:[]},&quot;classic_row_gap_tablet&quot;:{&quot;unit&quot;:&quot;px&quot;,&quot;size&quot;:&quot;&quot;,&quot;sizes&quot;:[]},&quot;classic_row_gap_mobile_extra&quot;:{&quot;unit&quot;:&quot;px&quot;,&quot;size&quot;:&quot;&quot;,&quot;sizes&quot;:[]},&quot;classic_row_gap_mobile&quot;:{&quot;unit&quot;:&quot;px&quot;,&quot;size&quot;:&quot;&quot;,&quot;sizes&quot;:[]}}\" data-widget_type=\"posts.classic\">\n\t\t\t\t<div class=\"elementor-widget-container\">\n\t\t\t\t\t\t\t<div class=\"elementor-posts-container elementor-posts elementor-posts--skin-classic elementor-grid\" role=\"list\">\n\t\t\t\t<article class=\"elementor-post elementor-grid-item post-18238 post type-post status-publish format-standard has-post-thumbnail hentry category-cultura\" role=\"listitem\">\n\t\t\t\t<a class=\"elementor-post__thumbnail__link\" href=\"https:\/\/www.fundacioneducacionydesarrollo.org\/en\/31-2\/\" tabindex=\"-1\" >\n\t\t\t<div class=\"elementor-post__thumbnail\"><img decoding=\"async\" width=\"300\" height=\"222\" src=\"https:\/\/www.fundacioneducacionydesarrollo.org\/wp-content\/uploads\/2025\/08\/WhatsApp-Image-2025-08-20-at-12.38.12-300x222.jpeg\" class=\"attachment-medium size-medium wp-image-18243\" alt=\"Fundaci\u00f3n Educaci\u00f3n y Desarrollo 31 aniversario\" srcset=\"https:\/\/www.fundacioneducacionydesarrollo.org\/wp-content\/uploads\/2025\/08\/WhatsApp-Image-2025-08-20-at-12.38.12-300x222.jpeg 300w, https:\/\/www.fundacioneducacionydesarrollo.org\/wp-content\/uploads\/2025\/08\/WhatsApp-Image-2025-08-20-at-12.38.12-1024x759.jpeg 1024w, https:\/\/www.fundacioneducacionydesarrollo.org\/wp-content\/uploads\/2025\/08\/WhatsApp-Image-2025-08-20-at-12.38.12-768x569.jpeg 768w, https:\/\/www.fundacioneducacionydesarrollo.org\/wp-content\/uploads\/2025\/08\/WhatsApp-Image-2025-08-20-at-12.38.12-1536x1139.jpeg 1536w, https:\/\/www.fundacioneducacionydesarrollo.org\/wp-content\/uploads\/2025\/08\/WhatsApp-Image-2025-08-20-at-12.38.12-2048x1518.jpeg 2048w, https:\/\/www.fundacioneducacionydesarrollo.org\/wp-content\/uploads\/2025\/08\/WhatsApp-Image-2025-08-20-at-12.38.12-16x12.jpeg 16w\" sizes=\"(max-width: 300px) 100vw, 300px\" \/><\/div>\n\t\t<\/a>\n\t\t\t\t<div class=\"elementor-post__text\">\n\t\t\t\t<h3 class=\"elementor-post__title\">\n\t\t\t<a href=\"https:\/\/www.fundacioneducacionydesarrollo.org\/en\/31-2\/\" >\n\t\t\t\t31 A\u00f1os de Compromiso Social con la Infancia\t\t\t<\/a>\n\t\t<\/h3>\n\t\t\t\t<div class=\"elementor-post__meta-data\">\n\t\t\t\t\t<span class=\"elementor-post-date\">\n\t\t\t20 de August de 2025\t\t<\/span>\n\t\t\t\t<span class=\"elementor-post-avatar\">\n\t\t\tNo Comments\t\t<\/span>\n\t\t\t\t<\/div>\n\t\t\n\t\t<a class=\"elementor-post__read-more\" href=\"https:\/\/www.fundacioneducacionydesarrollo.org\/en\/31-2\/\" aria-label=\"Read more about 31 A\u00f1os de Compromiso Social con la Infancia\" tabindex=\"-1\" >\n\t\t\tLeer M\u00e1s \u00bb\t\t<\/a>\n\n\t\t\t\t<\/div>\n\t\t\t\t<\/article>\n\t\t\t\t<article class=\"elementor-post elementor-grid-item post-17406 post type-post status-publish format-standard has-post-thumbnail hentry category-cultura category-infantil\" role=\"listitem\">\n\t\t\t\t<a class=\"elementor-post__thumbnail__link\" href=\"https:\/\/www.fundacioneducacionydesarrollo.org\/en\/celebramos-el-ano-nuevo-chino\/\" tabindex=\"-1\" >\n\t\t\t<div class=\"elementor-post__thumbnail\"><img decoding=\"async\" width=\"300\" height=\"200\" src=\"https:\/\/www.fundacioneducacionydesarrollo.org\/wp-content\/uploads\/2025\/02\/WhatsApp-Image-2025-02-05-at-18.59.09-300x200.jpeg\" class=\"attachment-medium size-medium wp-image-17436\" alt=\"A\u00f1o Nuevo Chino\" srcset=\"https:\/\/www.fundacioneducacionydesarrollo.org\/wp-content\/uploads\/2025\/02\/WhatsApp-Image-2025-02-05-at-18.59.09-300x200.jpeg 300w, https:\/\/www.fundacioneducacionydesarrollo.org\/wp-content\/uploads\/2025\/02\/WhatsApp-Image-2025-02-05-at-18.59.09-1024x682.jpeg 1024w, https:\/\/www.fundacioneducacionydesarrollo.org\/wp-content\/uploads\/2025\/02\/WhatsApp-Image-2025-02-05-at-18.59.09-768x512.jpeg 768w, https:\/\/www.fundacioneducacionydesarrollo.org\/wp-content\/uploads\/2025\/02\/WhatsApp-Image-2025-02-05-at-18.59.09-1536x1023.jpeg 1536w, https:\/\/www.fundacioneducacionydesarrollo.org\/wp-content\/uploads\/2025\/02\/WhatsApp-Image-2025-02-05-at-18.59.09-18x12.jpeg 18w, https:\/\/www.fundacioneducacionydesarrollo.org\/wp-content\/uploads\/2025\/02\/WhatsApp-Image-2025-02-05-at-18.59.09.jpeg 1600w\" sizes=\"(max-width: 300px) 100vw, 300px\" \/><\/div>\n\t\t<\/a>\n\t\t\t\t<div class=\"elementor-post__text\">\n\t\t\t\t<h3 class=\"elementor-post__title\">\n\t\t\t<a href=\"https:\/\/www.fundacioneducacionydesarrollo.org\/en\/celebramos-el-ano-nuevo-chino\/\" >\n\t\t\t\tCelebramos el A\u00f1o Nuevo Chino\t\t\t<\/a>\n\t\t<\/h3>\n\t\t\t\t<div class=\"elementor-post__meta-data\">\n\t\t\t\t\t<span class=\"elementor-post-date\">\n\t\t\t5 de February de 2025\t\t<\/span>\n\t\t\t\t<span class=\"elementor-post-avatar\">\n\t\t\tNo Comments\t\t<\/span>\n\t\t\t\t<\/div>\n\t\t\n\t\t<a class=\"elementor-post__read-more\" href=\"https:\/\/www.fundacioneducacionydesarrollo.org\/en\/celebramos-el-ano-nuevo-chino\/\" aria-label=\"Read more about Celebramos el A\u00f1o Nuevo Chino\" tabindex=\"-1\" >\n\t\t\tLeer M\u00e1s \u00bb\t\t<\/a>\n\n\t\t\t\t<\/div>\n\t\t\t\t<\/article>\n\t\t\t\t<article class=\"elementor-post elementor-grid-item post-17120 post type-post status-publish format-standard has-post-thumbnail hentry category-juego\" role=\"listitem\">\n\t\t\t\t<a class=\"elementor-post__thumbnail__link\" href=\"https:\/\/www.fundacioneducacionydesarrollo.org\/en\/jugando-en-el-cole\/\" tabindex=\"-1\" >\n\t\t\t<div class=\"elementor-post__thumbnail\"><img loading=\"lazy\" decoding=\"async\" width=\"300\" height=\"169\" src=\"https:\/\/www.fundacioneducacionydesarrollo.org\/wp-content\/uploads\/2024\/05\/WhatsApp-Image-2024-05-18-at-2.48.12-AM-e1716584084323-300x169.jpeg\" class=\"attachment-medium size-medium wp-image-15379\" alt=\"\" srcset=\"https:\/\/www.fundacioneducacionydesarrollo.org\/wp-content\/uploads\/2024\/05\/WhatsApp-Image-2024-05-18-at-2.48.12-AM-e1716584084323-300x169.jpeg 300w, https:\/\/www.fundacioneducacionydesarrollo.org\/wp-content\/uploads\/2024\/05\/WhatsApp-Image-2024-05-18-at-2.48.12-AM-e1716584084323-1024x576.jpeg 1024w, https:\/\/www.fundacioneducacionydesarrollo.org\/wp-content\/uploads\/2024\/05\/WhatsApp-Image-2024-05-18-at-2.48.12-AM-e1716584084323-768x432.jpeg 768w, https:\/\/www.fundacioneducacionydesarrollo.org\/wp-content\/uploads\/2024\/05\/WhatsApp-Image-2024-05-18-at-2.48.12-AM-e1716584084323-1536x864.jpeg 1536w, https:\/\/www.fundacioneducacionydesarrollo.org\/wp-content\/uploads\/2024\/05\/WhatsApp-Image-2024-05-18-at-2.48.12-AM-e1716584084323-18x10.jpeg 18w, https:\/\/www.fundacioneducacionydesarrollo.org\/wp-content\/uploads\/2024\/05\/WhatsApp-Image-2024-05-18-at-2.48.12-AM-e1716584084323.jpeg 1599w\" sizes=\"(max-width: 300px) 100vw, 300px\" \/><\/div>\n\t\t<\/a>\n\t\t\t\t<div class=\"elementor-post__text\">\n\t\t\t\t<h3 class=\"elementor-post__title\">\n\t\t\t<a href=\"https:\/\/www.fundacioneducacionydesarrollo.org\/en\/jugando-en-el-cole\/\" >\n\t\t\t\tLudotecas escolares y su impacto en la convivencia entre estudiantes\t\t\t<\/a>\n\t\t<\/h3>\n\t\t\t\t<div class=\"elementor-post__meta-data\">\n\t\t\t\t\t<span class=\"elementor-post-date\">\n\t\t\t13 de November de 2024\t\t<\/span>\n\t\t\t\t<span class=\"elementor-post-avatar\">\n\t\t\tNo Comments\t\t<\/span>\n\t\t\t\t<\/div>\n\t\t\n\t\t<a class=\"elementor-post__read-more\" href=\"https:\/\/www.fundacioneducacionydesarrollo.org\/en\/jugando-en-el-cole\/\" aria-label=\"Read more about Ludotecas escolares y su impacto en la convivencia entre estudiantes\" tabindex=\"-1\" >\n\t\t\tLeer M\u00e1s \u00bb\t\t<\/a>\n\n\t\t\t\t<\/div>\n\t\t\t\t<\/article>\n\t\t\t\t<article class=\"elementor-post elementor-grid-item post-16862 post type-post status-publish format-standard has-post-thumbnail hentry category-naturaleza\" role=\"listitem\">\n\t\t\t\t<a class=\"elementor-post__thumbnail__link\" href=\"https:\/\/www.fundacioneducacionydesarrollo.org\/en\/1ra-exposicion-de-juguetes-ecologicos-fed-2024\/\" tabindex=\"-1\" >\n\t\t\t<div class=\"elementor-post__thumbnail\"><img loading=\"lazy\" decoding=\"async\" width=\"300\" height=\"225\" src=\"https:\/\/www.fundacioneducacionydesarrollo.org\/wp-content\/uploads\/2024\/10\/463887577_576140441744844_1246978782419924533_n-300x225.jpg\" class=\"attachment-medium size-medium wp-image-16867\" alt=\"\" srcset=\"https:\/\/www.fundacioneducacionydesarrollo.org\/wp-content\/uploads\/2024\/10\/463887577_576140441744844_1246978782419924533_n-300x225.jpg 300w, https:\/\/www.fundacioneducacionydesarrollo.org\/wp-content\/uploads\/2024\/10\/463887577_576140441744844_1246978782419924533_n-1024x768.jpg 1024w, https:\/\/www.fundacioneducacionydesarrollo.org\/wp-content\/uploads\/2024\/10\/463887577_576140441744844_1246978782419924533_n-768x576.jpg 768w, https:\/\/www.fundacioneducacionydesarrollo.org\/wp-content\/uploads\/2024\/10\/463887577_576140441744844_1246978782419924533_n-1536x1152.jpg 1536w, https:\/\/www.fundacioneducacionydesarrollo.org\/wp-content\/uploads\/2024\/10\/463887577_576140441744844_1246978782419924533_n-16x12.jpg 16w, https:\/\/www.fundacioneducacionydesarrollo.org\/wp-content\/uploads\/2024\/10\/463887577_576140441744844_1246978782419924533_n.jpg 1600w\" sizes=\"(max-width: 300px) 100vw, 300px\" \/><\/div>\n\t\t<\/a>\n\t\t\t\t<div class=\"elementor-post__text\">\n\t\t\t\t<h3 class=\"elementor-post__title\">\n\t\t\t<a href=\"https:\/\/www.fundacioneducacionydesarrollo.org\/en\/1ra-exposicion-de-juguetes-ecologicos-fed-2024\/\" >\n\t\t\t\t1ra. Exposici\u00f3n de Juguetes Ecol\u00f3gicos FED 2024\t\t\t<\/a>\n\t\t<\/h3>\n\t\t\t\t<div class=\"elementor-post__meta-data\">\n\t\t\t\t\t<span class=\"elementor-post-date\">\n\t\t\t28 de October de 2024\t\t<\/span>\n\t\t\t\t<span class=\"elementor-post-avatar\">\n\t\t\tNo Comments\t\t<\/span>\n\t\t\t\t<\/div>\n\t\t\n\t\t<a class=\"elementor-post__read-more\" href=\"https:\/\/www.fundacioneducacionydesarrollo.org\/en\/1ra-exposicion-de-juguetes-ecologicos-fed-2024\/\" aria-label=\"Read more about 1ra. Exposici\u00f3n de Juguetes Ecol\u00f3gicos FED 2024\" tabindex=\"-1\" >\n\t\t\tLeer M\u00e1s \u00bb\t\t<\/a>\n\n\t\t\t\t<\/div>\n\t\t\t\t<\/article>\n\t\t\t\t<article class=\"elementor-post elementor-grid-item post-13738 post type-post status-publish format-standard has-post-thumbnail hentry category-naturaleza\" role=\"listitem\">\n\t\t\t\t<a class=\"elementor-post__thumbnail__link\" href=\"https:\/\/www.fundacioneducacionydesarrollo.org\/en\/cajas-nidos\/\" tabindex=\"-1\" >\n\t\t\t<div class=\"elementor-post__thumbnail\"><img loading=\"lazy\" decoding=\"async\" width=\"300\" height=\"300\" src=\"https:\/\/www.fundacioneducacionydesarrollo.org\/wp-content\/uploads\/2023\/03\/WhatsApp-Image-2022-11-08-at-10.19.49-AM-1-300x300.jpeg\" class=\"attachment-medium size-medium wp-image-13746\" alt=\"\" srcset=\"https:\/\/www.fundacioneducacionydesarrollo.org\/wp-content\/uploads\/2023\/03\/WhatsApp-Image-2022-11-08-at-10.19.49-AM-1-300x300.jpeg 300w, https:\/\/www.fundacioneducacionydesarrollo.org\/wp-content\/uploads\/2023\/03\/WhatsApp-Image-2022-11-08-at-10.19.49-AM-1-1024x1024.jpeg 1024w, https:\/\/www.fundacioneducacionydesarrollo.org\/wp-content\/uploads\/2023\/03\/WhatsApp-Image-2022-11-08-at-10.19.49-AM-1-150x150.jpeg 150w, https:\/\/www.fundacioneducacionydesarrollo.org\/wp-content\/uploads\/2023\/03\/WhatsApp-Image-2022-11-08-at-10.19.49-AM-1-768x768.jpeg 768w, https:\/\/www.fundacioneducacionydesarrollo.org\/wp-content\/uploads\/2023\/03\/WhatsApp-Image-2022-11-08-at-10.19.49-AM-1-1536x1536.jpeg 1536w, https:\/\/www.fundacioneducacionydesarrollo.org\/wp-content\/uploads\/2023\/03\/WhatsApp-Image-2022-11-08-at-10.19.49-AM-1-12x12.jpeg 12w, https:\/\/www.fundacioneducacionydesarrollo.org\/wp-content\/uploads\/2023\/03\/WhatsApp-Image-2022-11-08-at-10.19.49-AM-1.jpeg 2048w\" sizes=\"(max-width: 300px) 100vw, 300px\" \/><\/div>\n\t\t<\/a>\n\t\t\t\t<div class=\"elementor-post__text\">\n\t\t\t\t<h3 class=\"elementor-post__title\">\n\t\t\t<a href=\"https:\/\/www.fundacioneducacionydesarrollo.org\/en\/cajas-nidos\/\" >\n\t\t\t\tConocemos la naturaleza a trav\u00e9s de las Cajas Nidos\t\t\t<\/a>\n\t\t<\/h3>\n\t\t\t\t<div class=\"elementor-post__meta-data\">\n\t\t\t\t\t<span class=\"elementor-post-date\">\n\t\t\t29 de March de 2023\t\t<\/span>\n\t\t\t\t<span class=\"elementor-post-avatar\">\n\t\t\tNo Comments\t\t<\/span>\n\t\t\t\t<\/div>\n\t\t\n\t\t<a class=\"elementor-post__read-more\" href=\"https:\/\/www.fundacioneducacionydesarrollo.org\/en\/cajas-nidos\/\" aria-label=\"Read more about Conocemos la naturaleza a trav\u00e9s de las Cajas Nidos\" tabindex=\"-1\" >\n\t\t\tLeer M\u00e1s \u00bb\t\t<\/a>\n\n\t\t\t\t<\/div>\n\t\t\t\t<\/article>\n\t\t\t\t<article class=\"elementor-post elementor-grid-item post-4965 post type-post status-publish format-standard has-post-thumbnail hentry category-juego category-juguetes tag-juego tag-jugando tag-juguetes tag-ludotecas\" role=\"listitem\">\n\t\t\t\t<a class=\"elementor-post__thumbnail__link\" href=\"https:\/\/www.fundacioneducacionydesarrollo.org\/en\/blog-2-page-3\/\" tabindex=\"-1\" >\n\t\t\t<div class=\"elementor-post__thumbnail\"><img loading=\"lazy\" decoding=\"async\" width=\"300\" height=\"169\" src=\"https:\/\/www.fundacioneducacionydesarrollo.org\/wp-content\/uploads\/2022\/02\/IMG-20200401-WA0075-300x169.jpg\" class=\"attachment-medium size-medium wp-image-4993\" alt=\"ludoteca fed\" srcset=\"https:\/\/www.fundacioneducacionydesarrollo.org\/wp-content\/uploads\/2022\/02\/IMG-20200401-WA0075-300x169.jpg 300w, https:\/\/www.fundacioneducacionydesarrollo.org\/wp-content\/uploads\/2022\/02\/IMG-20200401-WA0075-1024x576.jpg 1024w, https:\/\/www.fundacioneducacionydesarrollo.org\/wp-content\/uploads\/2022\/02\/IMG-20200401-WA0075-768x432.jpg 768w, https:\/\/www.fundacioneducacionydesarrollo.org\/wp-content\/uploads\/2022\/02\/IMG-20200401-WA0075.jpg 1280w\" sizes=\"(max-width: 300px) 100vw, 300px\" \/><\/div>\n\t\t<\/a>\n\t\t\t\t<div class=\"elementor-post__text\">\n\t\t\t\t<h3 class=\"elementor-post__title\">\n\t\t\t<a href=\"https:\/\/www.fundacioneducacionydesarrollo.org\/en\/blog-2-page-3\/\" >\n\t\t\t\tJugando Contra el Coronavirus\t\t\t<\/a>\n\t\t<\/h3>\n\t\t\t\t<div class=\"elementor-post__meta-data\">\n\t\t\t\t\t<span class=\"elementor-post-date\">\n\t\t\t9 de February de 2022\t\t<\/span>\n\t\t\t\t<span class=\"elementor-post-avatar\">\n\t\t\tNo Comments\t\t<\/span>\n\t\t\t\t<\/div>\n\t\t\n\t\t<a class=\"elementor-post__read-more\" href=\"https:\/\/www.fundacioneducacionydesarrollo.org\/en\/blog-2-page-3\/\" aria-label=\"Read more about Jugando Contra el Coronavirus\" tabindex=\"-1\" >\n\t\t\tLeer M\u00e1s \u00bb\t\t<\/a>\n\n\t\t\t\t<\/div>\n\t\t\t\t<\/article>\n\t\t\t\t<\/div>\n\t\t\n\t\t\t\t\t\t<\/div>\n\t\t\t\t<\/div>\n\t\t\t\t<div class=\"elementor-element elementor-element-0e87a1a elementor-widget-divider--view-line elementor-widget elementor-widget-divider\" data-id=\"0e87a1a\" data-element_type=\"widget\" data-e-type=\"widget\" data-widget_type=\"divider.default\">\n\t\t\t\t<div class=\"elementor-widget-container\">\n\t\t\t\t\t\t\t<div class=\"elementor-divider\">\n\t\t\t<span class=\"elementor-divider-separator\">\n\t\t\t\t\t\t<\/span>\n\t\t<\/div>\n\t\t\t\t\t\t<\/div>\n\t\t\t\t<\/div>\n\t\t\t\t<div class=\"elementor-element elementor-element-04578ac elementor-shape-circle elementor-grid-0 e-grid-align-center elementor-widget elementor-widget-social-icons\" data-id=\"04578ac\" data-element_type=\"widget\" data-e-type=\"widget\" data-widget_type=\"social-icons.default\">\n\t\t\t\t<div class=\"elementor-widget-container\">\n\t\t\t\t\t\t\t<div class=\"elementor-social-icons-wrapper elementor-grid\" role=\"list\">\n\t\t\t\t\t\t\t<span class=\"elementor-grid-item\" role=\"listitem\">\n\t\t\t\t\t<a class=\"elementor-icon elementor-social-icon elementor-social-icon-facebook elementor-repeater-item-1cdf311\" href=\"https:\/\/www.facebook.com\/feducaydesarrol\" target=\"_blank\">\n\t\t\t\t\t\t<span class=\"elementor-screen-only\">Facebook<\/span>\n\t\t\t\t\t\t<i aria-hidden=\"true\" class=\"fab fa-facebook\"><\/i>\t\t\t\t\t<\/a>\n\t\t\t\t<\/span>\n\t\t\t\t\t\t\t<span class=\"elementor-grid-item\" role=\"listitem\">\n\t\t\t\t\t<a class=\"elementor-icon elementor-social-icon elementor-social-icon-twitter elementor-repeater-item-ad79157\" href=\"https:\/\/twitter.com\/feducaydesarrol?t=pWisiS3215f5wsB7tE6Tvw&#038;s=08\" target=\"_blank\">\n\t\t\t\t\t\t<span class=\"elementor-screen-only\">Twitter<\/span>\n\t\t\t\t\t\t<i aria-hidden=\"true\" class=\"fab fa-twitter\"><\/i>\t\t\t\t\t<\/a>\n\t\t\t\t<\/span>\n\t\t\t\t\t\t\t<span class=\"elementor-grid-item\" role=\"listitem\">\n\t\t\t\t\t<a class=\"elementor-icon elementor-social-icon elementor-social-icon-youtube elementor-repeater-item-a251f62\" href=\"https:\/\/www.youtube.com\/channel\/UCMVtVMkZAYjDVMQ2EOwLFQw\" target=\"_blank\">\n\t\t\t\t\t\t<span class=\"elementor-screen-only\">Youtube<\/span>\n\t\t\t\t\t\t<i aria-hidden=\"true\" class=\"fab fa-youtube\"><\/i>\t\t\t\t\t<\/a>\n\t\t\t\t<\/span>\n\t\t\t\t\t\t\t<span class=\"elementor-grid-item\" role=\"listitem\">\n\t\t\t\t\t<a class=\"elementor-icon elementor-social-icon elementor-social-icon-instagram elementor-repeater-item-cb2c6b7\" href=\"https:\/\/instagram.com\/fundeducacionydesarrollo?igshid=YmMyMTA2M2Y=\" target=\"_blank\">\n\t\t\t\t\t\t<span class=\"elementor-screen-only\">Instagram<\/span>\n\t\t\t\t\t\t<i aria-hidden=\"true\" class=\"fab fa-instagram\"><\/i>\t\t\t\t\t<\/a>\n\t\t\t\t<\/span>\n\t\t\t\t\t<\/div>\n\t\t\t\t\t\t<\/div>\n\t\t\t\t<\/div>\n\t\t\t\t\t<\/div>\n\t\t<\/div>\n\t\t\t\t\t<\/div>\n\t\t<\/section>\n\t\t\t\t<section class=\"elementor-section elementor-top-section elementor-element elementor-element-18180dd elementor-section-stretched elementor-hidden-widescreen elementor-hidden-desktop elementor-hidden-laptop elementor-hidden-tablet_extra elementor-hidden-tablet elementor-section-boxed elementor-section-height-default elementor-section-height-default\" data-id=\"18180dd\" data-element_type=\"section\" data-e-type=\"section\" data-settings=\"{&quot;stretch_section&quot;:&quot;section-stretched&quot;,&quot;background_background&quot;:&quot;classic&quot;}\">\n\t\t\t\t\t\t<div class=\"elementor-container elementor-column-gap-default\">\n\t\t\t\t\t<div class=\"elementor-column elementor-col-100 elementor-top-column elementor-element elementor-element-0f32df3\" data-id=\"0f32df3\" data-element_type=\"column\" data-e-type=\"column\">\n\t\t\t<div class=\"elementor-widget-wrap elementor-element-populated\">\n\t\t\t\t\t\t<div class=\"elementor-element elementor-element-38a9f25 elementor-view-default elementor-widget elementor-widget-icon\" data-id=\"38a9f25\" data-element_type=\"widget\" data-e-type=\"widget\" data-widget_type=\"icon.default\">\n\t\t\t\t<div class=\"elementor-widget-container\">\n\t\t\t\t\t\t\t<div class=\"elementor-icon-wrapper\">\n\t\t\t<a class=\"elementor-icon\" href=\"#og\">\n\t\t\t<i aria-hidden=\"true\" class=\"fas fa-angle-double-up\"><\/i>\t\t\t<\/a>\n\t\t<\/div>\n\t\t\t\t\t\t<\/div>\n\t\t\t\t<\/div>\n\t\t\t\t\t<\/div>\n\t\t<\/div>\n\t\t\t\t\t<\/div>\n\t\t<\/section>\n\t\t\t\t<\/div>\n\t\t","protected":false},"excerpt":{"rendered":"<p>We play, discover and learn in the countryside through the construction of nesting boxes with the boys and girls from the Usera playgroups in Madrid. <\/p>","protected":false},"author":2,"featured_media":13746,"comment_status":"closed","ping_status":"closed","sticky":false,"template":"elementor_header_footer","format":"standard","meta":{"site-sidebar-layout":"default","site-content-layout":"default","ast-site-content-layout":"default","site-content-style":"default","site-sidebar-style":"default","ast-global-header-display":"","ast-banner-title-visibility":"","ast-main-header-display":"","ast-hfb-above-header-display":"","ast-hfb-below-header-display":"","ast-hfb-mobile-header-display":"","site-post-title":"","ast-breadcrumbs-content":"","ast-featured-img":"disabled","footer-sml-layout":"disabled","theme-transparent-header-meta":"","adv-header-id-meta":"","stick-header-meta":"","header-above-stick-meta":"","header-main-stick-meta":"","header-below-stick-meta":"","astra-migrate-meta-layouts":"default","ast-page-background-enabled":"default","ast-page-background-meta":{"desktop":{"background-color":"var(--ast-global-color-4)","background-image":"","background-repeat":"repeat","background-position":"center center","background-size":"auto","background-attachment":"scroll","background-type":"","background-media":"","overlay-type":"","overlay-color":"","overlay-opacity":"","overlay-gradient":""},"tablet":{"background-color":"","background-image":"","background-repeat":"repeat","background-position":"center center","background-size":"auto","background-attachment":"scroll","background-type":"","background-media":"","overlay-type":"","overlay-color":"","overlay-opacity":"","overlay-gradient":""},"mobile":{"background-color":"","background-image":"","background-repeat":"repeat","background-position":"center center","background-size":"auto","background-attachment":"scroll","background-type":"","background-media":"","overlay-type":"","overlay-color":"","overlay-opacity":"","overlay-gradient":""}},"ast-content-background-meta":{"desktop":{"background-color":"var(--ast-global-color-5)","background-image":"","background-repeat":"repeat","background-position":"center center","background-size":"auto","background-attachment":"scroll","background-type":"","background-media":"","overlay-type":"","overlay-color":"","overlay-opacity":"","overlay-gradient":""},"tablet":{"background-color":"var(--ast-global-color-5)","background-image":"","background-repeat":"repeat","background-position":"center center","background-size":"auto","background-attachment":"scroll","background-type":"","background-media":"","overlay-type":"","overlay-color":"","overlay-opacity":"","overlay-gradient":""},"mobile":{"background-color":"var(--ast-global-color-5)","background-image":"","background-repeat":"repeat","background-position":"center center","background-size":"auto","background-attachment":"scroll","background-type":"","background-media":"","overlay-type":"","overlay-color":"","overlay-opacity":"","overlay-gradient":""}},"_joinchat":[],"footnotes":""},"categories":[7],"tags":[],"class_list":["post-13738","post","type-post","status-publish","format-standard","has-post-thumbnail","hentry","category-naturaleza"],"yoast_head":"<!-- This site is optimized with the Yoast SEO plugin v27.5 - https:\/\/yoast.com\/product\/yoast-seo-wordpress\/ -->\n<title>Conocemos la naturaleza a trav\u00e9s de las Cajas Nidos -<\/title>\n<meta name=\"description\" content=\"Cajas Nidos; Salida con los ni\u00f1os y ni\u00f1as de la ludoteca de Usera a Miraflores de la Sierra de Madrid, jugamos y aprendemos en el campo.\" \/>\n<meta name=\"robots\" content=\"index, follow, max-snippet:-1, max-image-preview:large, max-video-preview:-1\" \/>\n<link rel=\"canonical\" href=\"https:\/\/www.fundacioneducacionydesarrollo.org\/en\/cajas-nidos\/\" \/>\n<meta property=\"og:locale\" content=\"en_US\" \/>\n<meta property=\"og:type\" content=\"article\" \/>\n<meta property=\"og:title\" content=\"Conocemos la naturaleza a trav\u00e9s de las Cajas Nidos -\" \/>\n<meta property=\"og:description\" content=\"Cajas Nidos; Salida con los ni\u00f1os y ni\u00f1as de la ludoteca de Usera a Miraflores de la Sierra de Madrid, jugamos y aprendemos en el campo.\" \/>\n<meta property=\"og:url\" content=\"https:\/\/www.fundacioneducacionydesarrollo.org\/en\/cajas-nidos\/\" \/>\n<meta property=\"article:published_time\" content=\"2023-03-29T01:04:37+00:00\" \/>\n<meta property=\"article:modified_time\" content=\"2024-10-31T10:39:29+00:00\" \/>\n<meta property=\"og:image\" content=\"https:\/\/www.fundacioneducacionydesarrollo.org\/wp-content\/uploads\/2023\/03\/WhatsApp-Image-2022-11-08-at-10.19.49-AM-1.jpeg\" \/>\n\t<meta property=\"og:image:width\" content=\"2048\" \/>\n\t<meta property=\"og:image:height\" content=\"2048\" \/>\n\t<meta property=\"og:image:type\" content=\"image\/jpeg\" \/>\n<meta name=\"author\" content=\"Fundaci\u00f3n Educaci\u00f3n Desarrollo\" \/>\n<meta name=\"twitter:card\" content=\"summary_large_image\" \/>\n<meta name=\"twitter:label1\" content=\"Written by\" \/>\n\t<meta name=\"twitter:data1\" content=\"Fundaci\u00f3n Educaci\u00f3n Desarrollo\" \/>\n\t<meta name=\"twitter:label2\" content=\"Est. reading time\" \/>\n\t<meta name=\"twitter:data2\" content=\"9 minutes\" \/>\n<script type=\"application\/ld+json\" class=\"yoast-schema-graph\">{\"@context\":\"https:\\\/\\\/schema.org\",\"@graph\":[{\"@type\":\"Article\",\"@id\":\"https:\\\/\\\/www.fundacioneducacionydesarrollo.org\\\/cajas-nidos\\\/#article\",\"isPartOf\":{\"@id\":\"https:\\\/\\\/www.fundacioneducacionydesarrollo.org\\\/cajas-nidos\\\/\"},\"author\":{\"name\":\"Fundaci\u00f3n Educaci\u00f3n Desarrollo\",\"@id\":\"https:\\\/\\\/www.fundacioneducacionydesarrollo.org\\\/#\\\/schema\\\/person\\\/ac38cbf4213cfc025f9c8600b6a30a75\"},\"headline\":\"Conocemos la naturaleza a trav\u00e9s de las Cajas Nidos\",\"datePublished\":\"2023-03-29T01:04:37+00:00\",\"dateModified\":\"2024-10-31T10:39:29+00:00\",\"mainEntityOfPage\":{\"@id\":\"https:\\\/\\\/www.fundacioneducacionydesarrollo.org\\\/cajas-nidos\\\/\"},\"wordCount\":1587,\"image\":{\"@id\":\"https:\\\/\\\/www.fundacioneducacionydesarrollo.org\\\/cajas-nidos\\\/#primaryimage\"},\"thumbnailUrl\":\"https:\\\/\\\/www.fundacioneducacionydesarrollo.org\\\/wp-content\\\/uploads\\\/2023\\\/03\\\/WhatsApp-Image-2022-11-08-at-10.19.49-AM-1.jpeg\",\"articleSection\":[\"Naturaleza\"],\"inLanguage\":\"en-US\"},{\"@type\":\"WebPage\",\"@id\":\"https:\\\/\\\/www.fundacioneducacionydesarrollo.org\\\/cajas-nidos\\\/\",\"url\":\"https:\\\/\\\/www.fundacioneducacionydesarrollo.org\\\/cajas-nidos\\\/\",\"name\":\"Conocemos la naturaleza a trav\u00e9s de las Cajas Nidos -\",\"isPartOf\":{\"@id\":\"https:\\\/\\\/www.fundacioneducacionydesarrollo.org\\\/#website\"},\"primaryImageOfPage\":{\"@id\":\"https:\\\/\\\/www.fundacioneducacionydesarrollo.org\\\/cajas-nidos\\\/#primaryimage\"},\"image\":{\"@id\":\"https:\\\/\\\/www.fundacioneducacionydesarrollo.org\\\/cajas-nidos\\\/#primaryimage\"},\"thumbnailUrl\":\"https:\\\/\\\/www.fundacioneducacionydesarrollo.org\\\/wp-content\\\/uploads\\\/2023\\\/03\\\/WhatsApp-Image-2022-11-08-at-10.19.49-AM-1.jpeg\",\"datePublished\":\"2023-03-29T01:04:37+00:00\",\"dateModified\":\"2024-10-31T10:39:29+00:00\",\"author\":{\"@id\":\"https:\\\/\\\/www.fundacioneducacionydesarrollo.org\\\/#\\\/schema\\\/person\\\/ac38cbf4213cfc025f9c8600b6a30a75\"},\"description\":\"Cajas Nidos; Salida con los ni\u00f1os y ni\u00f1as de la ludoteca de Usera a Miraflores de la Sierra de Madrid, jugamos y aprendemos en el campo.\",\"breadcrumb\":{\"@id\":\"https:\\\/\\\/www.fundacioneducacionydesarrollo.org\\\/cajas-nidos\\\/#breadcrumb\"},\"inLanguage\":\"en-US\",\"potentialAction\":[{\"@type\":\"ReadAction\",\"target\":[\"https:\\\/\\\/www.fundacioneducacionydesarrollo.org\\\/cajas-nidos\\\/\"]}]},{\"@type\":\"ImageObject\",\"inLanguage\":\"en-US\",\"@id\":\"https:\\\/\\\/www.fundacioneducacionydesarrollo.org\\\/cajas-nidos\\\/#primaryimage\",\"url\":\"https:\\\/\\\/www.fundacioneducacionydesarrollo.org\\\/wp-content\\\/uploads\\\/2023\\\/03\\\/WhatsApp-Image-2022-11-08-at-10.19.49-AM-1.jpeg\",\"contentUrl\":\"https:\\\/\\\/www.fundacioneducacionydesarrollo.org\\\/wp-content\\\/uploads\\\/2023\\\/03\\\/WhatsApp-Image-2022-11-08-at-10.19.49-AM-1.jpeg\",\"width\":2048,\"height\":2048},{\"@type\":\"BreadcrumbList\",\"@id\":\"https:\\\/\\\/www.fundacioneducacionydesarrollo.org\\\/cajas-nidos\\\/#breadcrumb\",\"itemListElement\":[{\"@type\":\"ListItem\",\"position\":1,\"name\":\"Portada\",\"item\":\"https:\\\/\\\/www.fundacioneducacionydesarrollo.org\\\/\"},{\"@type\":\"ListItem\",\"position\":2,\"name\":\"Conocemos la naturaleza a trav\u00e9s de las Cajas Nidos\"}]},{\"@type\":\"WebSite\",\"@id\":\"https:\\\/\\\/www.fundacioneducacionydesarrollo.org\\\/#website\",\"url\":\"https:\\\/\\\/www.fundacioneducacionydesarrollo.org\\\/\",\"name\":\"\",\"description\":\"La Fundaci\u00f3n Educaci\u00f3n y Desarrollo y la Infancia\",\"potentialAction\":[{\"@type\":\"SearchAction\",\"target\":{\"@type\":\"EntryPoint\",\"urlTemplate\":\"https:\\\/\\\/www.fundacioneducacionydesarrollo.org\\\/?s={search_term_string}\"},\"query-input\":{\"@type\":\"PropertyValueSpecification\",\"valueRequired\":true,\"valueName\":\"search_term_string\"}}],\"inLanguage\":\"en-US\"},{\"@type\":\"Person\",\"@id\":\"https:\\\/\\\/www.fundacioneducacionydesarrollo.org\\\/#\\\/schema\\\/person\\\/ac38cbf4213cfc025f9c8600b6a30a75\",\"name\":\"Fundaci\u00f3n Educaci\u00f3n Desarrollo\",\"image\":{\"@type\":\"ImageObject\",\"inLanguage\":\"en-US\",\"@id\":\"https:\\\/\\\/secure.gravatar.com\\\/avatar\\\/67bd202bfce35ca6e13d5f7640764ecbfe76cf5039e75c05aee2809bd92584fe?s=96&d=mm&r=g\",\"url\":\"https:\\\/\\\/secure.gravatar.com\\\/avatar\\\/67bd202bfce35ca6e13d5f7640764ecbfe76cf5039e75c05aee2809bd92584fe?s=96&d=mm&r=g\",\"contentUrl\":\"https:\\\/\\\/secure.gravatar.com\\\/avatar\\\/67bd202bfce35ca6e13d5f7640764ecbfe76cf5039e75c05aee2809bd92584fe?s=96&d=mm&r=g\",\"caption\":\"Fundaci\u00f3n Educaci\u00f3n Desarrollo\"},\"url\":\"https:\\\/\\\/www.fundacioneducacionydesarrollo.org\\\/en\\\/author\\\/admin\\\/\"}]}<\/script>\n<!-- \/ Yoast SEO plugin. -->","yoast_head_json":{"title":"Conocemos la naturaleza a trav\u00e9s de las Cajas Nidos -","description":"Cajas Nidos; Salida con los ni\u00f1os y ni\u00f1as de la ludoteca de Usera a Miraflores de la Sierra de Madrid, jugamos y aprendemos en el campo.","robots":{"index":"index","follow":"follow","max-snippet":"max-snippet:-1","max-image-preview":"max-image-preview:large","max-video-preview":"max-video-preview:-1"},"canonical":"https:\/\/www.fundacioneducacionydesarrollo.org\/en\/cajas-nidos\/","og_locale":"en_US","og_type":"article","og_title":"Conocemos la naturaleza a trav\u00e9s de las Cajas Nidos -","og_description":"Cajas Nidos; Salida con los ni\u00f1os y ni\u00f1as de la ludoteca de Usera a Miraflores de la Sierra de Madrid, jugamos y aprendemos en el campo.","og_url":"https:\/\/www.fundacioneducacionydesarrollo.org\/en\/cajas-nidos\/","article_published_time":"2023-03-29T01:04:37+00:00","article_modified_time":"2024-10-31T10:39:29+00:00","og_image":[{"width":2048,"height":2048,"url":"https:\/\/www.fundacioneducacionydesarrollo.org\/wp-content\/uploads\/2023\/03\/WhatsApp-Image-2022-11-08-at-10.19.49-AM-1.jpeg","type":"image\/jpeg"}],"author":"Fundaci\u00f3n Educaci\u00f3n Desarrollo","twitter_card":"summary_large_image","twitter_misc":{"Written by":"Fundaci\u00f3n Educaci\u00f3n Desarrollo","Est. reading time":"9 minutes"},"schema":{"@context":"https:\/\/schema.org","@graph":[{"@type":"Article","@id":"https:\/\/www.fundacioneducacionydesarrollo.org\/cajas-nidos\/#article","isPartOf":{"@id":"https:\/\/www.fundacioneducacionydesarrollo.org\/cajas-nidos\/"},"author":{"name":"Fundaci\u00f3n Educaci\u00f3n Desarrollo","@id":"https:\/\/www.fundacioneducacionydesarrollo.org\/#\/schema\/person\/ac38cbf4213cfc025f9c8600b6a30a75"},"headline":"Conocemos la naturaleza a trav\u00e9s de las Cajas Nidos","datePublished":"2023-03-29T01:04:37+00:00","dateModified":"2024-10-31T10:39:29+00:00","mainEntityOfPage":{"@id":"https:\/\/www.fundacioneducacionydesarrollo.org\/cajas-nidos\/"},"wordCount":1587,"image":{"@id":"https:\/\/www.fundacioneducacionydesarrollo.org\/cajas-nidos\/#primaryimage"},"thumbnailUrl":"https:\/\/www.fundacioneducacionydesarrollo.org\/wp-content\/uploads\/2023\/03\/WhatsApp-Image-2022-11-08-at-10.19.49-AM-1.jpeg","articleSection":["Naturaleza"],"inLanguage":"en-US"},{"@type":"WebPage","@id":"https:\/\/www.fundacioneducacionydesarrollo.org\/cajas-nidos\/","url":"https:\/\/www.fundacioneducacionydesarrollo.org\/cajas-nidos\/","name":"Conocemos la naturaleza a trav\u00e9s de las Cajas Nidos -","isPartOf":{"@id":"https:\/\/www.fundacioneducacionydesarrollo.org\/#website"},"primaryImageOfPage":{"@id":"https:\/\/www.fundacioneducacionydesarrollo.org\/cajas-nidos\/#primaryimage"},"image":{"@id":"https:\/\/www.fundacioneducacionydesarrollo.org\/cajas-nidos\/#primaryimage"},"thumbnailUrl":"https:\/\/www.fundacioneducacionydesarrollo.org\/wp-content\/uploads\/2023\/03\/WhatsApp-Image-2022-11-08-at-10.19.49-AM-1.jpeg","datePublished":"2023-03-29T01:04:37+00:00","dateModified":"2024-10-31T10:39:29+00:00","author":{"@id":"https:\/\/www.fundacioneducacionydesarrollo.org\/#\/schema\/person\/ac38cbf4213cfc025f9c8600b6a30a75"},"description":"Cajas Nidos; Salida con los ni\u00f1os y ni\u00f1as de la ludoteca de Usera a Miraflores de la Sierra de Madrid, jugamos y aprendemos en el campo.","breadcrumb":{"@id":"https:\/\/www.fundacioneducacionydesarrollo.org\/cajas-nidos\/#breadcrumb"},"inLanguage":"en-US","potentialAction":[{"@type":"ReadAction","target":["https:\/\/www.fundacioneducacionydesarrollo.org\/cajas-nidos\/"]}]},{"@type":"ImageObject","inLanguage":"en-US","@id":"https:\/\/www.fundacioneducacionydesarrollo.org\/cajas-nidos\/#primaryimage","url":"https:\/\/www.fundacioneducacionydesarrollo.org\/wp-content\/uploads\/2023\/03\/WhatsApp-Image-2022-11-08-at-10.19.49-AM-1.jpeg","contentUrl":"https:\/\/www.fundacioneducacionydesarrollo.org\/wp-content\/uploads\/2023\/03\/WhatsApp-Image-2022-11-08-at-10.19.49-AM-1.jpeg","width":2048,"height":2048},{"@type":"BreadcrumbList","@id":"https:\/\/www.fundacioneducacionydesarrollo.org\/cajas-nidos\/#breadcrumb","itemListElement":[{"@type":"ListItem","position":1,"name":"Portada","item":"https:\/\/www.fundacioneducacionydesarrollo.org\/"},{"@type":"ListItem","position":2,"name":"Conocemos la naturaleza a trav\u00e9s de las Cajas Nidos"}]},{"@type":"WebSite","@id":"https:\/\/www.fundacioneducacionydesarrollo.org\/#website","url":"https:\/\/www.fundacioneducacionydesarrollo.org\/","name":"","description":"La Fundaci\u00f3n Educaci\u00f3n y Desarrollo y la Infancia","potentialAction":[{"@type":"SearchAction","target":{"@type":"EntryPoint","urlTemplate":"https:\/\/www.fundacioneducacionydesarrollo.org\/?s={search_term_string}"},"query-input":{"@type":"PropertyValueSpecification","valueRequired":true,"valueName":"search_term_string"}}],"inLanguage":"en-US"},{"@type":"Person","@id":"https:\/\/www.fundacioneducacionydesarrollo.org\/#\/schema\/person\/ac38cbf4213cfc025f9c8600b6a30a75","name":"Fundaci\u00f3n Educaci\u00f3n Desarrollo","image":{"@type":"ImageObject","inLanguage":"en-US","@id":"https:\/\/secure.gravatar.com\/avatar\/67bd202bfce35ca6e13d5f7640764ecbfe76cf5039e75c05aee2809bd92584fe?s=96&d=mm&r=g","url":"https:\/\/secure.gravatar.com\/avatar\/67bd202bfce35ca6e13d5f7640764ecbfe76cf5039e75c05aee2809bd92584fe?s=96&d=mm&r=g","contentUrl":"https:\/\/secure.gravatar.com\/avatar\/67bd202bfce35ca6e13d5f7640764ecbfe76cf5039e75c05aee2809bd92584fe?s=96&d=mm&r=g","caption":"Fundaci\u00f3n Educaci\u00f3n Desarrollo"},"url":"https:\/\/www.fundacioneducacionydesarrollo.org\/en\/author\/admin\/"}]}},"_links":{"self":[{"href":"https:\/\/www.fundacioneducacionydesarrollo.org\/en\/wp-json\/wp\/v2\/posts\/13738","targetHints":{"allow":["GET"]}}],"collection":[{"href":"https:\/\/www.fundacioneducacionydesarrollo.org\/en\/wp-json\/wp\/v2\/posts"}],"about":[{"href":"https:\/\/www.fundacioneducacionydesarrollo.org\/en\/wp-json\/wp\/v2\/types\/post"}],"author":[{"embeddable":true,"href":"https:\/\/www.fundacioneducacionydesarrollo.org\/en\/wp-json\/wp\/v2\/users\/2"}],"replies":[{"embeddable":true,"href":"https:\/\/www.fundacioneducacionydesarrollo.org\/en\/wp-json\/wp\/v2\/comments?post=13738"}],"version-history":[{"count":83,"href":"https:\/\/www.fundacioneducacionydesarrollo.org\/en\/wp-json\/wp\/v2\/posts\/13738\/revisions"}],"predecessor-version":[{"id":16985,"href":"https:\/\/www.fundacioneducacionydesarrollo.org\/en\/wp-json\/wp\/v2\/posts\/13738\/revisions\/16985"}],"wp:featuredmedia":[{"embeddable":true,"href":"https:\/\/www.fundacioneducacionydesarrollo.org\/en\/wp-json\/wp\/v2\/media\/13746"}],"wp:attachment":[{"href":"https:\/\/www.fundacioneducacionydesarrollo.org\/en\/wp-json\/wp\/v2\/media?parent=13738"}],"wp:term":[{"taxonomy":"category","embeddable":true,"href":"https:\/\/www.fundacioneducacionydesarrollo.org\/en\/wp-json\/wp\/v2\/categories?post=13738"},{"taxonomy":"post_tag","embeddable":true,"href":"https:\/\/www.fundacioneducacionydesarrollo.org\/en\/wp-json\/wp\/v2\/tags?post=13738"}],"curies":[{"name":"wp","href":"https:\/\/api.w.org\/{rel}","templated":true}]}}